{"id":13438,"date":"2022-10-19T05:30:00","date_gmt":"2022-10-19T05:30:00","guid":{"rendered":"http:\/\/www.fantasticaficcion.com\/?p=13438"},"modified":"2022-09-27T07:33:40","modified_gmt":"2022-09-27T07:33:40","slug":"cubierta-de-the-saint-of-bright-doors","status":"publish","type":"post","link":"https:\/\/www.fantasticaficcion.com\/index.php\/cubierta-de-the-saint-of-bright-doors\/","title":{"rendered":"Cubierta de The Saint of Bright Doors"},"content":{"rendered":"\n<p>Aqu\u00ed os traigo la que ser\u00e1 cubierta de <strong><em><a href=\"https:\/\/www.tor.com\/2022\/09\/26\/cover-reveal-excerpt-the-saint-of-bright-doors-by-vajra-chandrasekera\/\">The Saint of Bright Doors<\/a><\/em><\/strong>, la primera novela de Vajra Chandrasekera, que Tor.com publicar\u00e1 el 11 de julio del a\u00f1o que viene.<\/p>\n\n\n\n<p>Esta es la sinopsis:<\/p>\n\n\n\n<blockquote class=\"wp-block-quote is-layout-flow wp-block-quote-is-layout-flow\"><p>Nestled at the head of a supercontinent, framed by sky and sea, lies Luriat, the city of bright doors. The doors are everywhere in the city, squatting in walls where they don\u2019t belong, painted in vivid warning. They watch over a city of art and avarice, of plagues and pogroms, and silently refuse to open. No one knows what lies beyond them, but everyone has their own theory and their own relationship to the doors. Researchers perform tests and take samples, while supplicants offer fruit and flowers and hold prayer circles. Many fear the doors as the source of hauntings from unspeakable realms. To a rare unchosen few, though, the doors are both a calling and a bane. Fetter is one of those few.<\/p><p>When Fetter was born, his mother tore his shadow from him. She raised him as a weapon to kill his sainted father and destroy the religion rising up in his sacred footsteps. Now Fetter is unchosen, lapsed in his devotion to both his parents. He casts no shadow, is untethered by gravity, and sees devils and antigods everywhere he goes. With no path to follow, Fetter would like to be anything but himself. Does his answer wait on the other side of one of Luriat\u2019s bright doors?<\/p><\/blockquote>\n\n\n\n<p>Mi traducci\u00f3n:<\/p>\n\n\n\n<blockquote class=\"wp-block-quote is-layout-flow wp-block-quote-is-layout-flow\"><p>Recogida en un extremo de un supercontinente, enmarcada entre el cielo y el mar, est\u00e1 situada Liruat, la ciudad de las puertas brillantes. Las puertas est\u00e1n por todas partes en la ciudad, en muros a los que no pertenecen, con v\u00edvidos colores de aviso. Vigilan una ciudad de arte y avaricia, de plagas y pogromos, y se niegan a abrirse. Nadie sabe qu\u00e9 hay tras ellas, pero todos tienen su teor\u00eda y su relaci\u00f3n con ellas. Los investigadores realizan pruebas y toman muestras, mientras que los suplicantes hacen ofertas de frutas y flores, y rezan en c\u00edrculos. Muchos temen las puertas como fuente de esp\u00edritus de reinos desconocidos. No obstante, para unos pocos no elegidos, las puertas son una llamada y una desgracia. Fetter es uno de ellos.<\/p><p>Cuando naci\u00f3, su madre le arranc\u00f3 la sombra. Le cri\u00f3 como un arma destinada a matar a su santo padre y destruir la religi\u00f3n que se iba creando tras sus sagrados pasos. Ahora Fetter es un noelegido, dividido entre la devoci\u00f3n a sus dos padres. No proyecta sombra, no le ata la gravedad y ve demonios y antidioses doquiera que va. Sin un camino claro que seguir, a Fetter le gustar\u00eda ser cualquier persona distinta. \u00bfQuiz\u00e1 la respuesta a sus plegarias se halle tras las doradas puertas de Luriat?<\/p><\/blockquote>\n\n\n\n<p>Esta es la cubierta, con arte de Faceout Studio:<\/p>\n\n\n\n<figure class=\"wp-block-image size-large\"><a href=\"https:\/\/www.fantasticaficcion.com\/wp-content\/uploads\/2022\/09\/TheSaintOfBrightDoors-AD_newquote.webp\"><img loading=\"lazy\" decoding=\"async\" width=\"668\" height=\"1024\" src=\"https:\/\/www.fantasticaficcion.com\/wp-content\/uploads\/2022\/09\/TheSaintOfBrightDoors-AD_newquote-668x1024.webp\" alt=\"\" class=\"wp-image-13439\" srcset=\"https:\/\/www.fantasticaficcion.com\/wp-content\/uploads\/2022\/09\/TheSaintOfBrightDoors-AD_newquote-668x1024.webp 668w, https:\/\/www.fantasticaficcion.com\/wp-content\/uploads\/2022\/09\/TheSaintOfBrightDoors-AD_newquote-196x300.webp 196w, https:\/\/www.fantasticaficcion.com\/wp-content\/uploads\/2022\/09\/TheSaintOfBrightDoors-AD_newquote.webp 740w\" sizes=\"auto, (max-width: 668px) 100vw, 668px\" \/><\/a><\/figure>\n","protected":false},"excerpt":{"rendered":"<p>Aqu\u00ed os traigo la que ser\u00e1 cubierta de The Saint of Bright Doors, la primera novela de Vajra Chandrasekera, que Tor.com publicar\u00e1 el 11 de julio del a\u00f1o que viene. Esta es la sinopsis: Nestled at the head of a supercontinent, framed by sky and sea, lies Luriat, the city of bright doors. The doors &hellip; <\/p>\n<p class=\"link-more\"><a href=\"https:\/\/www.fantasticaficcion.com\/index.php\/cubierta-de-the-saint-of-bright-doors\/\" class=\"more-link\">Continuar leyendo<span class=\"screen-reader-text\"> &#8220;Cubierta de The Saint of Bright Doors&#8221;<\/span><\/a><\/p>\n","protected":false},"author":1,"featured_media":0,"comment_status":"open","ping_status":"open","sticky":false,"template":"","format":"standard","meta":{"jetpack_post_was_ever_published":false,"_jetpack_newsletter_access":"","_jetpack_dont_email_post_to_subs":false,"_jetpack_newsletter_tier_id":0,"_jetpack_memberships_contains_paywalled_content":false,"_jetpack_memberships_contains_paid_content":false,"footnotes":""},"categories":[5],"tags":[1448,664,190,1338,1533],"class_list":["post-13438","post","type-post","status-publish","format-standard","hentry","category-fantasia","tag-cubiertas","tag-fantasia","tag-noticias","tag-tor-com","tag-vajra-chandrasekera"],"jetpack_featured_media_url":"","jetpack_shortlink":"https:\/\/wp.me\/p5fEpk-3uK","jetpack_sharing_enabled":true,"_links":{"self":[{"href":"https:\/\/www.fantasticaficcion.com\/index.php\/wp-json\/wp\/v2\/posts\/13438","targetHints":{"allow":["GET"]}}],"collection":[{"href":"https:\/\/www.fantasticaficcion.com\/index.php\/wp-json\/wp\/v2\/posts"}],"about":[{"href":"https:\/\/www.fantasticaficcion.com\/index.php\/wp-json\/wp\/v2\/types\/post"}],"author":[{"embeddable":true,"href":"https:\/\/www.fantasticaficcion.com\/index.php\/wp-json\/wp\/v2\/users\/1"}],"replies":[{"embeddable":true,"href":"https:\/\/www.fantasticaficcion.com\/index.php\/wp-json\/wp\/v2\/comments?post=13438"}],"version-history":[{"count":1,"href":"https:\/\/www.fantasticaficcion.com\/index.php\/wp-json\/wp\/v2\/posts\/13438\/revisions"}],"predecessor-version":[{"id":13440,"href":"https:\/\/www.fantasticaficcion.com\/index.php\/wp-json\/wp\/v2\/posts\/13438\/revisions\/13440"}],"wp:attachment":[{"href":"https:\/\/www.fantasticaficcion.com\/index.php\/wp-json\/wp\/v2\/media?parent=13438"}],"wp:term":[{"taxonomy":"category","embeddable":true,"href":"https:\/\/www.fantasticaficcion.com\/index.php\/wp-json\/wp\/v2\/categories?post=13438"},{"taxonomy":"post_tag","embeddable":true,"href":"https:\/\/www.fantasticaficcion.com\/index.php\/wp-json\/wp\/v2\/tags?post=13438"}],"curies":[{"name":"wp","href":"https:\/\/api.w.org\/{rel}","templated":true}]}}