{"id":13422,"date":"2022-10-11T05:30:00","date_gmt":"2022-10-11T05:30:00","guid":{"rendered":"http:\/\/www.fantasticaficcion.com\/?p=13422"},"modified":"2022-09-22T06:14:01","modified_gmt":"2022-09-22T06:14:01","slug":"cubierta-de-witch-king-de-martha-wells","status":"publish","type":"post","link":"https:\/\/www.fantasticaficcion.com\/index.php\/cubierta-de-witch-king-de-martha-wells\/","title":{"rendered":"Cubierta de Witch King de Martha Wells"},"content":{"rendered":"\n<p>Aqu\u00ed os traigo la que ser\u00e1 cubierta de la primera entrega de una saga de fantas\u00eda \u00e9pica de la pluma de Martha Wells. El primer volumen se titular\u00e1 <strong><em><a href=\"https:\/\/www.tor.com\/2022\/09\/21\/cover-reveals-martha-wells-witch-king\/\">Witch King<\/a><\/em><\/strong> y lo publicar\u00e1 Tor.com el 30 de mayo del a\u00f1o que viene.<\/p>\n\n\n\n<p>Esta es la sinopsis:<\/p>\n\n\n\n<blockquote class=\"wp-block-quote is-layout-flow wp-block-quote-is-layout-flow\"><p>Kai-Enna is the Witch King, though he hasn\u2019t always been, and he hasn\u2019t even always been Kai-Enna!<\/p><p>After being murdered, his consciousness dormant and unaware of the passing of time while confined in an elaborate water trap, Kai wakes to find a lesser mage attempting to harness Kai\u2019s magic to his own advantage. That was never going to go well.<\/p><p>But why was Kai imprisoned in the first place? What has changed in the world since his assassination? And why does the Rising World Coalition appear to be growing in influence?<\/p><p>Kai will need to pull his allies close and draw on all his pain magic if he is to answer even the least of these questions.<\/p><p>He\u2019s not going to like the answers.<\/p><\/blockquote>\n\n\n\n<p>Mi traducci\u00f3n:<\/p>\n\n\n\n<blockquote class=\"wp-block-quote is-layout-flow wp-block-quote-is-layout-flow\"><p>Kai-Enna es el Rey Brujo, aunque no siempre lo fue, ni siquiera fue siempre Kai-Enna.<\/p><p>Tras ser asesinado, su conciencia queda en estasis y no es consciente del paso del tiempo mientras se hallaba atrapada en una elaborada trampa de agua, pero despierta cuando un mago menor intenta dome\u00f1ar sus poderes. Eso nunca pod\u00eda acabar bien.<\/p><p>Pero, \u00bfpor qu\u00e9 estaba Kai prisionero en primer lugar? \u00bfQu\u00e9 ha cambiado en el mundo tras su asesinato? Y, \u00bfpor qu\u00e9 ha crecido tanto la influencia de la Coalici\u00f3n del Mundo Emergente?<\/p><p>Kai necesitar\u00e1 la ayuda de sus aliados y utilizar todo su doloroso poder m\u00e1gico para contestar estas preguntas.<\/p><p>Las respuestas no van a ser de su agrado.<\/p><\/blockquote>\n\n\n\n<p>Esta es la cubierta, con arte de\u00a0<a href=\"https:\/\/twitter.com\/SheppardArts\">Cynthia Sheppard<\/a> y dise\u00f1o de Christine Foltzer:<\/p>\n\n\n\n<figure class=\"wp-block-image size-large\"><a href=\"https:\/\/www.fantasticaficcion.com\/wp-content\/uploads\/2022\/09\/witchking_revised_final.webp\"><img loading=\"lazy\" decoding=\"async\" width=\"668\" height=\"1024\" src=\"https:\/\/www.fantasticaficcion.com\/wp-content\/uploads\/2022\/09\/witchking_revised_final-668x1024.webp\" alt=\"\" class=\"wp-image-13423\" srcset=\"https:\/\/www.fantasticaficcion.com\/wp-content\/uploads\/2022\/09\/witchking_revised_final-668x1024.webp 668w, https:\/\/www.fantasticaficcion.com\/wp-content\/uploads\/2022\/09\/witchking_revised_final-196x300.webp 196w, https:\/\/www.fantasticaficcion.com\/wp-content\/uploads\/2022\/09\/witchking_revised_final.webp 740w\" sizes=\"auto, (max-width: 668px) 100vw, 668px\" \/><\/a><\/figure>\n","protected":false},"excerpt":{"rendered":"<p>Aqu\u00ed os traigo la que ser\u00e1 cubierta de la primera entrega de una saga de fantas\u00eda \u00e9pica de la pluma de Martha Wells. El primer volumen se titular\u00e1 Witch King y lo publicar\u00e1 Tor.com el 30 de mayo del a\u00f1o que viene. Esta es la sinopsis: Kai-Enna is the Witch King, though he hasn\u2019t always &hellip; <\/p>\n<p class=\"link-more\"><a href=\"https:\/\/www.fantasticaficcion.com\/index.php\/cubierta-de-witch-king-de-martha-wells\/\" class=\"more-link\">Continuar leyendo<span class=\"screen-reader-text\"> &#8220;Cubierta de Witch King de Martha Wells&#8221;<\/span><\/a><\/p>\n","protected":false},"author":1,"featured_media":0,"comment_status":"open","ping_status":"open","sticky":false,"template":"","format":"standard","meta":{"jetpack_post_was_ever_published":false,"_jetpack_newsletter_access":"","_jetpack_dont_email_post_to_subs":false,"_jetpack_newsletter_tier_id":0,"_jetpack_memberships_contains_paywalled_content":false,"_jetpack_memberships_contains_paid_content":false,"footnotes":""},"categories":[830,5],"tags":[1448,664,90,190,1338],"class_list":["post-13422","post","type-post","status-publish","format-standard","hentry","category-artistas","category-fantasia","tag-cubiertas","tag-fantasia","tag-martha-wells","tag-noticias","tag-tor-com"],"jetpack_featured_media_url":"","jetpack_shortlink":"https:\/\/wp.me\/p5fEpk-3uu","jetpack_sharing_enabled":true,"_links":{"self":[{"href":"https:\/\/www.fantasticaficcion.com\/index.php\/wp-json\/wp\/v2\/posts\/13422","targetHints":{"allow":["GET"]}}],"collection":[{"href":"https:\/\/www.fantasticaficcion.com\/index.php\/wp-json\/wp\/v2\/posts"}],"about":[{"href":"https:\/\/www.fantasticaficcion.com\/index.php\/wp-json\/wp\/v2\/types\/post"}],"author":[{"embeddable":true,"href":"https:\/\/www.fantasticaficcion.com\/index.php\/wp-json\/wp\/v2\/users\/1"}],"replies":[{"embeddable":true,"href":"https:\/\/www.fantasticaficcion.com\/index.php\/wp-json\/wp\/v2\/comments?post=13422"}],"version-history":[{"count":1,"href":"https:\/\/www.fantasticaficcion.com\/index.php\/wp-json\/wp\/v2\/posts\/13422\/revisions"}],"predecessor-version":[{"id":13424,"href":"https:\/\/www.fantasticaficcion.com\/index.php\/wp-json\/wp\/v2\/posts\/13422\/revisions\/13424"}],"wp:attachment":[{"href":"https:\/\/www.fantasticaficcion.com\/index.php\/wp-json\/wp\/v2\/media?parent=13422"}],"wp:term":[{"taxonomy":"category","embeddable":true,"href":"https:\/\/www.fantasticaficcion.com\/index.php\/wp-json\/wp\/v2\/categories?post=13422"},{"taxonomy":"post_tag","embeddable":true,"href":"https:\/\/www.fantasticaficcion.com\/index.php\/wp-json\/wp\/v2\/tags?post=13422"}],"curies":[{"name":"wp","href":"https:\/\/api.w.org\/{rel}","templated":true}]}}