{"id":13356,"date":"2022-09-22T05:30:00","date_gmt":"2022-09-22T05:30:00","guid":{"rendered":"http:\/\/www.fantasticaficcion.com\/?p=13356"},"modified":"2022-09-01T11:00:45","modified_gmt":"2022-09-01T11:00:45","slug":"the-sleepless","status":"publish","type":"post","link":"https:\/\/www.fantasticaficcion.com\/index.php\/the-sleepless\/","title":{"rendered":"The Sleepless"},"content":{"rendered":"\n<p>Me ha fascinado esta novela de ciencia ficci\u00f3n de futuro cercano, una mezcla apasionante de thriller, investigaci\u00f3n period\u00edstica y especulaci\u00f3n cient\u00edfica que se disfruta de principio a fin y que viene a hacer mucho ruido en el panorama de g\u00e9nero. <\/p>\n\n\n<div class=\"wp-block-image\">\n<figure class=\"alignright size-large is-resized\"><a href=\"https:\/\/www.fantasticaficcion.com\/wp-content\/uploads\/2022\/09\/sleepless.jpg\"><img loading=\"lazy\" decoding=\"async\" src=\"https:\/\/www.fantasticaficcion.com\/wp-content\/uploads\/2022\/09\/sleepless-678x1024.jpg\" alt=\"\" class=\"wp-image-13357\" width=\"283\" height=\"427\" srcset=\"https:\/\/www.fantasticaficcion.com\/wp-content\/uploads\/2022\/09\/sleepless-678x1024.jpg 678w, https:\/\/www.fantasticaficcion.com\/wp-content\/uploads\/2022\/09\/sleepless-199x300.jpg 199w, https:\/\/www.fantasticaficcion.com\/wp-content\/uploads\/2022\/09\/sleepless.jpg 700w\" sizes=\"auto, (max-width: 283px) 100vw, 283px\" \/><\/a><\/figure>\n<\/div>\n\n\n<p>El protagonista de la novela es Jamie Vega, un periodista con una caracter\u00edstica especial, es un insomne. Esta hiperinsomnia es una enfermedad que se fue extendiendo por el mundo de la que se conoce poco, una pandemia que hace pocos a\u00f1os se estabiliz\u00f3 y ya no se sigue expandiendo. Las caracter\u00edsticas de la enfermedad es que los afectados no pueden dormir, pero tampoco lo necesitan, por que ni sus cuerpos ni sus mentes requieren este reposo para recuperarse. Lo que en un principio provoc\u00f3 el rechazo del resto de la sociedad, ahora es buscado como una ventaja competitiva, ya que permite trabajar m\u00e1s, ganar m\u00e1s dinero y en definitiva, aprovechar mejor el tiempo.<\/p>\n\n\n\n<p>La novela explora las implicaciones que tendr\u00eda este cambio tan sustancial en la sociedad humana, pero a la vez enlaza esta especulaci\u00f3n con la investigaci\u00f3n de un suicidio o asesinato de gran repercusi\u00f3n medi\u00e1tica, con lo que consigue mantener en todo momento un ritmo muy alto. En este sentido, la narraci\u00f3n de Joel de la Fuente es extraordinaria, consigue que te pongas en la piel de Jamie y en ning\u00fan momento notas la presencia de <em>infodumps<\/em>, a pesar de que se hace bastante hincapi\u00e9 en  los aspectos biol\u00f3gicos y en las posibles consecuencias de esta hiperinsomnia. <\/p>\n\n\n\n<p>Tambi\u00e9n me parece todo un acierto que la narraci\u00f3n est\u00e9 en su mayor\u00eda situada en Nueva York, que se transforma, literalmente, en la ciudad que nunca duerme. Las posibilidades son infinitas y solo vemos la punta del iceberg, pero si las personas dispusieran de 8 horas m\u00e1s diarias para sus aficiones, su trabajo o lo que sea, la econom\u00eda dar\u00eda un vuelco, sin lugar a dudas.<\/p>\n\n\n\n<p>Hay que tener en cuenta que Manibo no descuida en ning\u00fan momento la parte de thriller de la novela y algunas de estas escenas resultan ser cuando menos rocambolescas. Tampoco se puede negar que los malos son mal\u00edsimos, un poquito m\u00e1s de escala de grises no hubiera estado de m\u00e1s para terminar de redondear una novela que a m\u00ed al menos me ha encantado, y que vuelve a poner a Erewhon Books como una de esas editoriales de las que no perderse ni un solo lanzamiento.<\/p>\n","protected":false},"excerpt":{"rendered":"<p>Me ha fascinado esta novela de ciencia ficci\u00f3n de futuro cercano, una mezcla apasionante de thriller, investigaci\u00f3n period\u00edstica y especulaci\u00f3n cient\u00edfica que se disfruta de principio a fin y que viene a hacer mucho ruido en el panorama de g\u00e9nero. El protagonista de la novela es Jamie Vega, un periodista con una caracter\u00edstica especial, es &hellip; <\/p>\n<p class=\"link-more\"><a href=\"https:\/\/www.fantasticaficcion.com\/index.php\/the-sleepless\/\" class=\"more-link\">Continuar leyendo<span class=\"screen-reader-text\"> &#8220;The Sleepless&#8221;<\/span><\/a><\/p>\n","protected":false},"author":1,"featured_media":0,"comment_status":"open","ping_status":"open","sticky":false,"template":"","format":"standard","meta":{"jetpack_post_was_ever_published":false,"_jetpack_newsletter_access":"","_jetpack_dont_email_post_to_subs":false,"_jetpack_newsletter_tier_id":0,"_jetpack_memberships_contains_paywalled_content":false,"_jetpack_memberships_contains_paid_content":false,"footnotes":""},"categories":[10],"tags":[212,4,1331,9,8,1527],"class_list":["post-13356","post","type-post","status-publish","format-standard","hentry","category-ciencia-ficcion-2","tag-audiolibros","tag-ciencia-ficcion","tag-erewhon","tag-libros-en-ingles","tag-resenas","tag-victor-manibo-2"],"jetpack_featured_media_url":"","jetpack_shortlink":"https:\/\/wp.me\/p5fEpk-3tq","jetpack_sharing_enabled":true,"_links":{"self":[{"href":"https:\/\/www.fantasticaficcion.com\/index.php\/wp-json\/wp\/v2\/posts\/13356","targetHints":{"allow":["GET"]}}],"collection":[{"href":"https:\/\/www.fantasticaficcion.com\/index.php\/wp-json\/wp\/v2\/posts"}],"about":[{"href":"https:\/\/www.fantasticaficcion.com\/index.php\/wp-json\/wp\/v2\/types\/post"}],"author":[{"embeddable":true,"href":"https:\/\/www.fantasticaficcion.com\/index.php\/wp-json\/wp\/v2\/users\/1"}],"replies":[{"embeddable":true,"href":"https:\/\/www.fantasticaficcion.com\/index.php\/wp-json\/wp\/v2\/comments?post=13356"}],"version-history":[{"count":1,"href":"https:\/\/www.fantasticaficcion.com\/index.php\/wp-json\/wp\/v2\/posts\/13356\/revisions"}],"predecessor-version":[{"id":13358,"href":"https:\/\/www.fantasticaficcion.com\/index.php\/wp-json\/wp\/v2\/posts\/13356\/revisions\/13358"}],"wp:attachment":[{"href":"https:\/\/www.fantasticaficcion.com\/index.php\/wp-json\/wp\/v2\/media?parent=13356"}],"wp:term":[{"taxonomy":"category","embeddable":true,"href":"https:\/\/www.fantasticaficcion.com\/index.php\/wp-json\/wp\/v2\/categories?post=13356"},{"taxonomy":"post_tag","embeddable":true,"href":"https:\/\/www.fantasticaficcion.com\/index.php\/wp-json\/wp\/v2\/tags?post=13356"}],"curies":[{"name":"wp","href":"https:\/\/api.w.org\/{rel}","templated":true}]}}