{"id":13131,"date":"2022-07-08T05:30:00","date_gmt":"2022-07-08T05:30:00","guid":{"rendered":"http:\/\/www.fantasticaficcion.com\/?p=13131"},"modified":"2022-06-22T08:22:49","modified_gmt":"2022-06-22T08:22:49","slug":"desvelada-la-cubierta-de-needle-de-linda-nagata","status":"publish","type":"post","link":"https:\/\/www.fantasticaficcion.com\/index.php\/desvelada-la-cubierta-de-needle-de-linda-nagata\/","title":{"rendered":"Desvelada la cubierta de Needle, de Linda Nagata"},"content":{"rendered":"\n<p>Ya tenemos la cubierta y fecha de publicaci\u00f3n de Needle, la tercera entrega de la saga Inverted Frontier de Linda Nagata, que comenz\u00f3 con <strong><em><a href=\"https:\/\/www.fantasticaficcion.com\/index.php\/edges\/\" data-type=\"post\" data-id=\"9471\">Edges <\/a><\/em><\/strong>y continu\u00f3 con <strong><em><a href=\"https:\/\/www.fantasticaficcion.com\/index.php\/silver\/\" data-type=\"post\" data-id=\"11332\">Silver<\/a><\/em><\/strong>, y que ver\u00e1 la luz el 12 de julio.<\/p>\n\n\n\n<p>Esta es la cubierta, muy fiel a la l\u00ednea de la saga, obra de Sarah Anne Langton:<\/p>\n\n\n<div class=\"wp-block-image\">\n<figure class=\"aligncenter size-full\"><a href=\"https:\/\/www.fantasticaficcion.com\/wp-content\/uploads\/2022\/06\/Needle_300x464.jpg\"><img loading=\"lazy\" decoding=\"async\" width=\"300\" height=\"464\" src=\"https:\/\/www.fantasticaficcion.com\/wp-content\/uploads\/2022\/06\/Needle_300x464.jpg\" alt=\"\" class=\"wp-image-13132\" srcset=\"https:\/\/www.fantasticaficcion.com\/wp-content\/uploads\/2022\/06\/Needle_300x464.jpg 300w, https:\/\/www.fantasticaficcion.com\/wp-content\/uploads\/2022\/06\/Needle_300x464-194x300.jpg 194w\" sizes=\"auto, (max-width: 300px) 100vw, 300px\" \/><\/a><figcaption>Inverted Frontier cover design for Linda Nagata\u2019s novel Needle by artist Sarah Anne Langton<\/figcaption><\/figure>\n<\/div>","protected":false},"excerpt":{"rendered":"<p>Ya tenemos la cubierta y fecha de publicaci\u00f3n de Needle, la tercera entrega de la saga Inverted Frontier de Linda Nagata, que comenz\u00f3 con Edges y continu\u00f3 con Silver, y que ver\u00e1 la luz el 12 de julio. Esta es la cubierta, muy fiel a la l\u00ednea de la saga, obra de Sarah Anne Langton:<\/p>\n","protected":false},"author":1,"featured_media":0,"comment_status":"open","ping_status":"open","sticky":false,"template":"","format":"standard","meta":{"jetpack_post_was_ever_published":false,"_jetpack_newsletter_access":"","_jetpack_dont_email_post_to_subs":false,"_jetpack_newsletter_tier_id":0,"_jetpack_memberships_contains_paywalled_content":false,"_jetpack_memberships_contains_paid_content":false,"footnotes":""},"categories":[830,10],"tags":[1448,232,190],"class_list":["post-13131","post","type-post","status-publish","format-standard","hentry","category-artistas","category-ciencia-ficcion-2","tag-cubiertas","tag-linda-nagata","tag-noticias"],"jetpack_featured_media_url":"","jetpack_shortlink":"https:\/\/wp.me\/p5fEpk-3pN","jetpack_sharing_enabled":true,"_links":{"self":[{"href":"https:\/\/www.fantasticaficcion.com\/index.php\/wp-json\/wp\/v2\/posts\/13131","targetHints":{"allow":["GET"]}}],"collection":[{"href":"https:\/\/www.fantasticaficcion.com\/index.php\/wp-json\/wp\/v2\/posts"}],"about":[{"href":"https:\/\/www.fantasticaficcion.com\/index.php\/wp-json\/wp\/v2\/types\/post"}],"author":[{"embeddable":true,"href":"https:\/\/www.fantasticaficcion.com\/index.php\/wp-json\/wp\/v2\/users\/1"}],"replies":[{"embeddable":true,"href":"https:\/\/www.fantasticaficcion.com\/index.php\/wp-json\/wp\/v2\/comments?post=13131"}],"version-history":[{"count":1,"href":"https:\/\/www.fantasticaficcion.com\/index.php\/wp-json\/wp\/v2\/posts\/13131\/revisions"}],"predecessor-version":[{"id":13133,"href":"https:\/\/www.fantasticaficcion.com\/index.php\/wp-json\/wp\/v2\/posts\/13131\/revisions\/13133"}],"wp:attachment":[{"href":"https:\/\/www.fantasticaficcion.com\/index.php\/wp-json\/wp\/v2\/media?parent=13131"}],"wp:term":[{"taxonomy":"category","embeddable":true,"href":"https:\/\/www.fantasticaficcion.com\/index.php\/wp-json\/wp\/v2\/categories?post=13131"},{"taxonomy":"post_tag","embeddable":true,"href":"https:\/\/www.fantasticaficcion.com\/index.php\/wp-json\/wp\/v2\/tags?post=13131"}],"curies":[{"name":"wp","href":"https:\/\/api.w.org\/{rel}","templated":true}]}}