{"id":13001,"date":"2022-05-26T05:30:00","date_gmt":"2022-05-26T05:30:00","guid":{"rendered":"http:\/\/www.fantasticaficcion.com\/?p=13001"},"modified":"2022-05-17T06:30:23","modified_gmt":"2022-05-17T06:30:23","slug":"deja-que-el-viento-se-lleve-mis-cenizas","status":"publish","type":"post","link":"https:\/\/www.fantasticaficcion.com\/index.php\/deja-que-el-viento-se-lleve-mis-cenizas\/","title":{"rendered":"Deja que el viento se lleve mis cenizas"},"content":{"rendered":"\n<p>Estoy descubriendo peque\u00f1as joyas del fant\u00e1stico espa\u00f1ol gracias a las recomendaciones de lectores m\u00e1s avezados que yo en esto. Si hace poco le\u00ed <strong><em>Lo que ruge<\/em><\/strong>, hoy os traigo otra colecci\u00f3n de relatos de una autora espa\u00f1ola que merece mucho la pena, In\u00e9s Arias de Reyna.<\/p>\n\n\n\n<p><strong>&#8220;Galletas de chocolate&#8221;<\/strong><\/p>\n\n\n\n<div class=\"wp-block-image\"><figure class=\"alignright size-large is-resized\"><a href=\"https:\/\/www.fantasticaficcion.com\/wp-content\/uploads\/2022\/05\/dejaqueelvientosellevemiscenizas.jpg\"><img loading=\"lazy\" decoding=\"async\" src=\"https:\/\/www.fantasticaficcion.com\/wp-content\/uploads\/2022\/05\/dejaqueelvientosellevemiscenizas-649x1024.jpg\" alt=\"\" class=\"wp-image-13012\" width=\"286\" height=\"451\" srcset=\"https:\/\/www.fantasticaficcion.com\/wp-content\/uploads\/2022\/05\/dejaqueelvientosellevemiscenizas-649x1024.jpg 649w, https:\/\/www.fantasticaficcion.com\/wp-content\/uploads\/2022\/05\/dejaqueelvientosellevemiscenizas-190x300.jpg 190w, https:\/\/www.fantasticaficcion.com\/wp-content\/uploads\/2022\/05\/dejaqueelvientosellevemiscenizas-768x1211.jpg 768w, https:\/\/www.fantasticaficcion.com\/wp-content\/uploads\/2022\/05\/dejaqueelvientosellevemiscenizas.jpg 958w\" sizes=\"auto, (max-width: 286px) 100vw, 286px\" \/><\/a><\/figure><\/div>\n\n\n\n<p>La recopilaci\u00f3n de relatos comienza con uno dulc\u00edsimo sobre c\u00f3mo afrontar el duelo, sobre la necesidad de cuidados que tambi\u00e9n a veces requieren los cuidadores principales, el amor de un padre que es capaz de volver de la escena de su naufragio para orientar a su hija, con un toque fant\u00e1stico leve pero imprescindible.<\/p>\n\n\n\n<p><strong>&#8220;Arrorr\u00f3&#8221;<\/strong><\/p>\n\n\n\n<p>Este cuento sobre el amor de una abuela capaz de superar todas las distancias me ha llegado al coraz\u00f3n, como sin duda llegar\u00e1 a todos aquellos que por las cuestiones que sea est\u00e1n criando a sus hijos sin la presencia constante de sus abuelos, una influencia tan benefactora que resulta imposible suplirla de otra manera.<\/p>\n\n\n\n<p><strong>&#8220;Me llamo Tormes&#8221;<\/strong><\/p>\n\n\n\n<p>Un relato narrado a dos voces sobre un encuentro imposible que deja con ganas de m\u00e1s, de conocer la historia de la ninfa del r\u00edo que se presenta ante un humano por curiosidad y qui\u00e9n sabe si por otras razones ocultas.<\/p>\n\n\n\n<p><strong>&#8220;Escarcha&#8221;<\/strong><\/p>\n\n\n\n<p>El recuerdo de un amor prohibido en un cuento que juega con las atm\u00f3sferas y con los sentimientos enterrados unidos a la danza.<\/p>\n\n\n\n<p><strong>&#8220;Trenzas en la niebla&#8221;<\/strong><\/p>\n\n\n\n<p>Mezclando el horror sobrenatural de la Santa Compa\u00f1a y el horror cotidiano del maltrato, In\u00e9s nos hace una reflexi\u00f3n sobre esa violencia \u00edntima a la que tanta gente hace caso omiso hasta que es demasiado tarde.<\/p>\n\n\n\n<p><strong>&#8220;Arder\u00e1s conmigo, canalla&#8221;<\/strong><\/p>\n\n\n\n<p>Una mujer condenada a arder por los actos perversos de su marido. De nuevo la autora escribe sobre una de sus obsesiones, esta vez utilizando como recurso contar la historia de atr\u00e1s hacia delante.<\/p>\n\n\n\n<p><strong>&#8220;El silencio de las hayas&#8221;<\/strong><\/p>\n\n\n\n<p>Los \u00faltimos relatos de esta recopilaci\u00f3n est\u00e1n fuertemente cargados de mensaje contra la violencia dom\u00e9stica, aunque no hace falta que sea f\u00edsica, ya que la violencia psicol\u00f3gica es tambi\u00e9n muy cruel. En este caso, la \u00fanica salida que encuentra la protagonista es el cambio total de su naturaleza.<\/p>\n\n\n\n<p><strong>&#8220;El bosque m\u00e1s antiguo del mundo&#8221;<\/strong><\/p>\n\n\n\n<p>La autora nos envuelve en una ambientaci\u00f3n fe\u00e9rica amenazada por su mayor enemigo, el fuego. Me gusta mucho la sensaci\u00f3n de urgencia que la autora logra imponer en la historia y la esperanza que tambi\u00e9n nos llena en su conclusi\u00f3n.<\/p>\n\n\n\n<p><strong>&#8220;Querido verde irisado&#8221;<\/strong><\/p>\n\n\n\n<p>Quiz\u00e1 el relato m\u00e1s largo de la colecci\u00f3n y uno de los m\u00e1s duros, una met\u00e1fora sobre el maltrato infantil con seres que no se describen como humanos pero que se podr\u00edan aceptar perfectamente como tales por sus acciones.<\/p>\n\n\n\n<p>No tengo duda de que la pr\u00f3xima vez que In\u00e9s publique algo, ah\u00ed estar\u00e9 yo esperando para disfrutarlo.<\/p>\n","protected":false},"excerpt":{"rendered":"<p>Estoy descubriendo peque\u00f1as joyas del fant\u00e1stico espa\u00f1ol gracias a las recomendaciones de lectores m\u00e1s avezados que yo en esto. Si hace poco le\u00ed Lo que ruge, hoy os traigo otra colecci\u00f3n de relatos de una autora espa\u00f1ola que merece mucho la pena, In\u00e9s Arias de Reyna. &#8220;Galletas de chocolate&#8221; La recopilaci\u00f3n de relatos comienza con &hellip; <\/p>\n<p class=\"link-more\"><a href=\"https:\/\/www.fantasticaficcion.com\/index.php\/deja-que-el-viento-se-lleve-mis-cenizas\/\" class=\"more-link\">Continuar leyendo<span class=\"screen-reader-text\"> &#8220;Deja que el viento se lleve mis cenizas&#8221;<\/span><\/a><\/p>\n","protected":false},"author":1,"featured_media":13012,"comment_status":"open","ping_status":"open","sticky":false,"template":"","format":"standard","meta":{"jetpack_post_was_ever_published":false,"_jetpack_newsletter_access":"","_jetpack_dont_email_post_to_subs":false,"_jetpack_newsletter_tier_id":0,"_jetpack_memberships_contains_paywalled_content":false,"_jetpack_memberships_contains_paid_content":false,"footnotes":""},"categories":[5,24],"tags":[664,1475,14,1476,665,8],"class_list":["post-13001","post","type-post","status-publish","format-standard","has-post-thumbnail","hentry","category-fantasia","category-relatos-cortos","tag-fantasia","tag-ines-arias-de-reyna","tag-libros-en-espanol","tag-orciny-press","tag-relatos-cortos","tag-resenas"],"jetpack_featured_media_url":"https:\/\/www.fantasticaficcion.com\/wp-content\/uploads\/2022\/05\/dejaqueelvientosellevemiscenizas.jpg","jetpack_shortlink":"https:\/\/wp.me\/p5fEpk-3nH","jetpack_sharing_enabled":true,"_links":{"self":[{"href":"https:\/\/www.fantasticaficcion.com\/index.php\/wp-json\/wp\/v2\/posts\/13001","targetHints":{"allow":["GET"]}}],"collection":[{"href":"https:\/\/www.fantasticaficcion.com\/index.php\/wp-json\/wp\/v2\/posts"}],"about":[{"href":"https:\/\/www.fantasticaficcion.com\/index.php\/wp-json\/wp\/v2\/types\/post"}],"author":[{"embeddable":true,"href":"https:\/\/www.fantasticaficcion.com\/index.php\/wp-json\/wp\/v2\/users\/1"}],"replies":[{"embeddable":true,"href":"https:\/\/www.fantasticaficcion.com\/index.php\/wp-json\/wp\/v2\/comments?post=13001"}],"version-history":[{"count":4,"href":"https:\/\/www.fantasticaficcion.com\/index.php\/wp-json\/wp\/v2\/posts\/13001\/revisions"}],"predecessor-version":[{"id":13014,"href":"https:\/\/www.fantasticaficcion.com\/index.php\/wp-json\/wp\/v2\/posts\/13001\/revisions\/13014"}],"wp:featuredmedia":[{"embeddable":true,"href":"https:\/\/www.fantasticaficcion.com\/index.php\/wp-json\/wp\/v2\/media\/13012"}],"wp:attachment":[{"href":"https:\/\/www.fantasticaficcion.com\/index.php\/wp-json\/wp\/v2\/media?parent=13001"}],"wp:term":[{"taxonomy":"category","embeddable":true,"href":"https:\/\/www.fantasticaficcion.com\/index.php\/wp-json\/wp\/v2\/categories?post=13001"},{"taxonomy":"post_tag","embeddable":true,"href":"https:\/\/www.fantasticaficcion.com\/index.php\/wp-json\/wp\/v2\/tags?post=13001"}],"curies":[{"name":"wp","href":"https:\/\/api.w.org\/{rel}","templated":true}]}}