{"id":12946,"date":"2022-05-09T05:30:00","date_gmt":"2022-05-09T05:30:00","guid":{"rendered":"http:\/\/www.fantasticaficcion.com\/?p=12946"},"modified":"2022-04-26T10:29:34","modified_gmt":"2022-04-26T10:29:34","slug":"la-anomalia","status":"publish","type":"post","link":"https:\/\/www.fantasticaficcion.com\/index.php\/la-anomalia\/","title":{"rendered":"La anomal\u00eda"},"content":{"rendered":"\n<p><strong><em>La anomal\u00eda <\/em><\/strong>recibi\u00f3 el premio Goncourt en el 2020 y lo tenemos disponible en espa\u00f1ol gracias a la traducci\u00f3n de Pablo Mart\u00edn S\u00e1nchez. Se trata de una novela indudablemente de ciencia ficci\u00f3n, pero que prefiere fijarse m\u00e1s en las consecuencias del evento al que denomina anomal\u00eda en los seres humanos que en la especulaci\u00f3n sobre la causa que lo puede haber provocado.<\/p>\n\n\n\n<div class=\"wp-block-image\"><figure class=\"alignright size-full\"><a href=\"https:\/\/www.fantasticaficcion.com\/wp-content\/uploads\/2022\/04\/laanomalia.jpg\"><img loading=\"lazy\" decoding=\"async\" width=\"249\" height=\"425\" src=\"https:\/\/www.fantasticaficcion.com\/wp-content\/uploads\/2022\/04\/laanomalia.jpg\" alt=\"\" class=\"wp-image-12947\" srcset=\"https:\/\/www.fantasticaficcion.com\/wp-content\/uploads\/2022\/04\/laanomalia.jpg 249w, https:\/\/www.fantasticaficcion.com\/wp-content\/uploads\/2022\/04\/laanomalia-176x300.jpg 176w\" sizes=\"auto, (max-width: 249px) 100vw, 249px\" \/><\/a><\/figure><\/div>\n\n\n\n<p><strong><em>La anomal\u00eda<\/em><\/strong> es una novela coral, que va cambiando de punto de vista en cada cap\u00edtulo para presentarnos a los personajes que se ven afectados por el suceso, una variopinta colecci\u00f3n que le sirve a Herv\u00e9 Le Tellier para varios prop\u00f3sitos: cambiar de registro, darle ritmo al libro, presentar conflictos muy diversos y sus resoluciones (o falta de ellas) algo que hace de forma brillante.<\/p>\n\n\n\n<p>Quiz\u00e1 a nivel especulativo y de justificaci\u00f3n del punto sobre el que gira la historia es donde se queda un poco m\u00e1s corto, porque todas las hip\u00f3tesis que menciona el equipo de expertos asignados para su estudio son el pan nuestro de cada d\u00eda para un lector de ciencia ficci\u00f3n con cierto bagaje aunque como el libro est\u00e1 publicado en una editorial generalista es m\u00e1s que probable que quienes lo lean no sean particularmente aficionados a este g\u00e9nero.<\/p>\n\n\n\n<p>Herv\u00e9 Le Tellier explora las implicaciones del suceso desde varios niveles: econ\u00f3mico, filos\u00f3fico, cient\u00edfico, religioso&#8230; <strong><em>La anomal\u00eda<\/em><\/strong> acaba formando un collage que nos permite ver mejor la escena si nos alejamos un poco de las particularidades de cada personaje para abarcar una visi\u00f3n m\u00e1s general. El autor ha sabido dotar de inter\u00e9s a las personas afectadas por la anomal\u00eda, pero sin darle el protagonismo a ninguna de ellas en particular, haciendo un ejercicio de equilibrio bastante correcto.<\/p>\n\n\n\n<p>En esta ocasi\u00f3n he podido disfrutar de la versi\u00f3n en audiolibro narrada por Alberto Mieza con una voz exquisita que sin duda ha contribuido a mi disfrute personal de la lectura. <\/p>\n","protected":false},"excerpt":{"rendered":"<p>La anomal\u00eda recibi\u00f3 el premio Goncourt en el 2020 y lo tenemos disponible en espa\u00f1ol gracias a la traducci\u00f3n de Pablo Mart\u00edn S\u00e1nchez. Se trata de una novela indudablemente de ciencia ficci\u00f3n, pero que prefiere fijarse m\u00e1s en las consecuencias del evento al que denomina anomal\u00eda en los seres humanos que en la especulaci\u00f3n sobre &hellip; <\/p>\n<p class=\"link-more\"><a href=\"https:\/\/www.fantasticaficcion.com\/index.php\/la-anomalia\/\" class=\"more-link\">Continuar leyendo<span class=\"screen-reader-text\"> &#8220;La anomal\u00eda&#8221;<\/span><\/a><\/p>\n","protected":false},"author":1,"featured_media":0,"comment_status":"open","ping_status":"open","sticky":false,"template":"","format":"standard","meta":{"jetpack_post_was_ever_published":false,"_jetpack_newsletter_access":"","_jetpack_dont_email_post_to_subs":false,"_jetpack_newsletter_tier_id":0,"_jetpack_memberships_contains_paywalled_content":false,"_jetpack_memberships_contains_paid_content":false,"footnotes":""},"categories":[10],"tags":[212,4,1469,14,8,1468],"class_list":["post-12946","post","type-post","status-publish","format-standard","hentry","category-ciencia-ficcion-2","tag-audiolibros","tag-ciencia-ficcion","tag-herve-le-tellier","tag-libros-en-espanol","tag-resenas","tag-seix-barral"],"jetpack_featured_media_url":"","jetpack_shortlink":"https:\/\/wp.me\/p5fEpk-3mO","jetpack_sharing_enabled":true,"_links":{"self":[{"href":"https:\/\/www.fantasticaficcion.com\/index.php\/wp-json\/wp\/v2\/posts\/12946","targetHints":{"allow":["GET"]}}],"collection":[{"href":"https:\/\/www.fantasticaficcion.com\/index.php\/wp-json\/wp\/v2\/posts"}],"about":[{"href":"https:\/\/www.fantasticaficcion.com\/index.php\/wp-json\/wp\/v2\/types\/post"}],"author":[{"embeddable":true,"href":"https:\/\/www.fantasticaficcion.com\/index.php\/wp-json\/wp\/v2\/users\/1"}],"replies":[{"embeddable":true,"href":"https:\/\/www.fantasticaficcion.com\/index.php\/wp-json\/wp\/v2\/comments?post=12946"}],"version-history":[{"count":1,"href":"https:\/\/www.fantasticaficcion.com\/index.php\/wp-json\/wp\/v2\/posts\/12946\/revisions"}],"predecessor-version":[{"id":12948,"href":"https:\/\/www.fantasticaficcion.com\/index.php\/wp-json\/wp\/v2\/posts\/12946\/revisions\/12948"}],"wp:attachment":[{"href":"https:\/\/www.fantasticaficcion.com\/index.php\/wp-json\/wp\/v2\/media?parent=12946"}],"wp:term":[{"taxonomy":"category","embeddable":true,"href":"https:\/\/www.fantasticaficcion.com\/index.php\/wp-json\/wp\/v2\/categories?post=12946"},{"taxonomy":"post_tag","embeddable":true,"href":"https:\/\/www.fantasticaficcion.com\/index.php\/wp-json\/wp\/v2\/tags?post=12946"}],"curies":[{"name":"wp","href":"https:\/\/api.w.org\/{rel}","templated":true}]}}