{"id":1290,"date":"2013-07-30T06:05:20","date_gmt":"2013-07-30T06:05:20","guid":{"rendered":"http:\/\/www.fantasticaficcion.com\/?p=1290"},"modified":"2013-07-30T06:05:20","modified_gmt":"2013-07-30T06:05:20","slug":"desvelada-la-portada-de-words-of-radiance","status":"publish","type":"post","link":"https:\/\/www.fantasticaficcion.com\/index.php\/desvelada-la-portada-de-words-of-radiance\/","title":{"rendered":"Desvelada la portada de Words of Radiance"},"content":{"rendered":"<p style=\"text-align: justify;\">No vamos a descubrir aqu\u00ed al gran escritor que es <a title=\"Brandon Sanderson\" href=\"http:\/\/www.brandonsanderson.com\/\" target=\"_blank\"><strong>Brandon Sanderson<\/strong><\/a>, uno de mis autores favoritos. Lo que s\u00ed se ha dado a conocer hace poco es la portada de la nueva entrega de su saga <strong>La guerra de las tormentas<\/strong>, que se llamar\u00e1 <strong>&#8220;Words of Radiance&#8221;<\/strong>.<\/p>\n<p style=\"text-align: justify;\">Aqu\u00ed la ten\u00e9is:<\/p>\n<p style=\"text-align: justify;\"><a href=\"https:\/\/www.fantasticaficcion.com\/wp-content\/uploads\/2013\/07\/WordsOfRadiance_Cover.jpg\"><img loading=\"lazy\" decoding=\"async\" class=\"aligncenter size-full wp-image-1291\" alt=\"WordsOfRadiance_Cover\" src=\"https:\/\/www.fantasticaficcion.com\/wp-content\/uploads\/2013\/07\/WordsOfRadiance_Cover.jpg\" width=\"455\" height=\"685\" srcset=\"https:\/\/www.fantasticaficcion.com\/wp-content\/uploads\/2013\/07\/WordsOfRadiance_Cover.jpg 455w, https:\/\/www.fantasticaficcion.com\/wp-content\/uploads\/2013\/07\/WordsOfRadiance_Cover-199x300.jpg 199w\" sizes=\"auto, (max-width: 455px) 100vw, 455px\" \/><\/a>He de reconocer que a primera vista no me apasiona, la postura del protagonista me parece muy forzada y me recuerda, salvando las distancias, a <a title=\"P\u00e1jaro de Trueno\" href=\"http:\/\/www.google.es\/imgres?imgurl=http:\/\/4.bp.blogspot.com\/_fWgyMr-Fcb0\/TDx8871OiMI\/AAAAAAAAKNQ\/Zah-I0v0yTc\/s400\/01%2BAVE%2BDE%2BTRUENO.jpg&amp;imgrefurl=http:\/\/superheroesyvillanos.blogspot.com\/2010\/07\/ave-de-trueno.html&amp;h=386&amp;w=192&amp;sz=15&amp;tbnid=ZWfWfV0ABwLoGM:&amp;tbnh=90&amp;tbnw=45&amp;zoom=1&amp;usg=__Q5Q_wMv7QRWLHDlx2luWwyox4L4=&amp;docid=4FfnmSpGw2Hv6M&amp;sa=X&amp;ei=Dlf3Ue-YIOXF7AbphICgCg&amp;ved=0CEwQ9QEwBA&amp;dur=326\" target=\"_blank\"><strong>P\u00e1jaro de Trueno<\/strong><\/a>, de los X-Men. \u00bfQu\u00e9 os parece a vosotros?<\/p>\n","protected":false},"excerpt":{"rendered":"<p>No vamos a descubrir aqu\u00ed al gran escritor que es Brandon Sanderson, uno de mis autores favoritos. Lo que s\u00ed se ha dado a conocer hace poco es la portada de la nueva entrega de su saga La guerra de las tormentas, que se llamar\u00e1 &#8220;Words of Radiance&#8221;. Aqu\u00ed la ten\u00e9is: He de reconocer que &hellip; <\/p>\n<p class=\"link-more\"><a href=\"https:\/\/www.fantasticaficcion.com\/index.php\/desvelada-la-portada-de-words-of-radiance\/\" class=\"more-link\">Continuar leyendo<span class=\"screen-reader-text\"> &#8220;Desvelada la portada de Words of Radiance&#8221;<\/span><\/a><\/p>\n","protected":false},"author":1,"featured_media":0,"comment_status":"open","ping_status":"open","sticky":false,"template":"","format":"standard","meta":{"jetpack_post_was_ever_published":false,"_jetpack_newsletter_access":"","_jetpack_dont_email_post_to_subs":false,"_jetpack_newsletter_tier_id":0,"_jetpack_memberships_contains_paywalled_content":false,"_jetpack_memberships_contains_paid_content":false,"footnotes":""},"categories":[5],"tags":[27,664,9,96],"class_list":["post-1290","post","type-post","status-publish","format-standard","hentry","category-fantasia","tag-brandon-sanderson","tag-fantasia","tag-libros-en-ingles","tag-portadas"],"jetpack_featured_media_url":"","jetpack_shortlink":"https:\/\/wp.me\/p5fEpk-kO","jetpack_sharing_enabled":true,"_links":{"self":[{"href":"https:\/\/www.fantasticaficcion.com\/index.php\/wp-json\/wp\/v2\/posts\/1290","targetHints":{"allow":["GET"]}}],"collection":[{"href":"https:\/\/www.fantasticaficcion.com\/index.php\/wp-json\/wp\/v2\/posts"}],"about":[{"href":"https:\/\/www.fantasticaficcion.com\/index.php\/wp-json\/wp\/v2\/types\/post"}],"author":[{"embeddable":true,"href":"https:\/\/www.fantasticaficcion.com\/index.php\/wp-json\/wp\/v2\/users\/1"}],"replies":[{"embeddable":true,"href":"https:\/\/www.fantasticaficcion.com\/index.php\/wp-json\/wp\/v2\/comments?post=1290"}],"version-history":[{"count":3,"href":"https:\/\/www.fantasticaficcion.com\/index.php\/wp-json\/wp\/v2\/posts\/1290\/revisions"}],"predecessor-version":[{"id":1294,"href":"https:\/\/www.fantasticaficcion.com\/index.php\/wp-json\/wp\/v2\/posts\/1290\/revisions\/1294"}],"wp:attachment":[{"href":"https:\/\/www.fantasticaficcion.com\/index.php\/wp-json\/wp\/v2\/media?parent=1290"}],"wp:term":[{"taxonomy":"category","embeddable":true,"href":"https:\/\/www.fantasticaficcion.com\/index.php\/wp-json\/wp\/v2\/categories?post=1290"},{"taxonomy":"post_tag","embeddable":true,"href":"https:\/\/www.fantasticaficcion.com\/index.php\/wp-json\/wp\/v2\/tags?post=1290"}],"curies":[{"name":"wp","href":"https:\/\/api.w.org\/{rel}","templated":true}]}}