{"id":12875,"date":"2022-04-18T05:30:00","date_gmt":"2022-04-18T05:30:00","guid":{"rendered":"http:\/\/www.fantasticaficcion.com\/?p=12875"},"modified":"2022-04-04T06:21:47","modified_gmt":"2022-04-04T06:21:47","slug":"membrana","status":"publish","type":"post","link":"https:\/\/www.fantasticaficcion.com\/index.php\/membrana\/","title":{"rendered":"Membrana"},"content":{"rendered":"\n<p>Por &#8220;razones&#8221;, he vuelto a leer m\u00e1s obras publicadas originalmente en espa\u00f1ol y este <strong><em>Membrana <\/em><\/strong>de Jorge Carri\u00f3n lo ten\u00eda en la lista desde hace demasiado tiempo.<\/p>\n\n\n\n<div class=\"wp-block-image\"><figure class=\"alignright size-full is-resized\"><a href=\"https:\/\/www.fantasticaficcion.com\/wp-content\/uploads\/2022\/04\/membrana.jpg\"><img loading=\"lazy\" decoding=\"async\" src=\"https:\/\/www.fantasticaficcion.com\/wp-content\/uploads\/2022\/04\/membrana.jpg\" alt=\"\" class=\"wp-image-12876\" width=\"449\" height=\"744\" srcset=\"https:\/\/www.fantasticaficcion.com\/wp-content\/uploads\/2022\/04\/membrana.jpg 604w, https:\/\/www.fantasticaficcion.com\/wp-content\/uploads\/2022\/04\/membrana-181x300.jpg 181w\" sizes=\"auto, (max-width: 449px) 100vw, 449px\" \/><\/a><\/figure><\/div>\n\n\n\n<p><strong><em>Membrana <\/em><\/strong>es una obra en la que no es f\u00e1cil adentrarse, escrita como si fuera el cat\u00e1logo de una exposici\u00f3n en un museo del futuro que hace un recorrido por el siglo XXI, pero que esconde mucho m\u00e1s. Es metaliteraria porque de hecho existe una exposici\u00f3n sobre la propia historia, tambi\u00e9n es una reflexi\u00f3n sobre los turbulentos a\u00f1os que ya hemos vivido al comienzo del siglo y es una extrapolaci\u00f3n sobre lo que podr\u00eda venir.<\/p>\n\n\n\n<p>El autor maneja bastantes tropos de la ciencia ficci\u00f3n (historias de primer contacto, singularidad, transhumanismo&#8230;) con bastante soltura y no se encuentra constre\u00f1ido por el propio formato elegido, ya que las gu\u00edas que nos llevar\u00e1n por la visita no dudan en salirse del camino supuestamente establecido para comentar los hechos que han sucedido o suceder\u00e1n en nuestra l\u00ednea temporal y que para ellas son ya pasado.<\/p>\n\n\n\n<p>El estilo escogido puede resultar un poco complicado al principio y causar rechazo, con el uso de la segunda personal del plural en femenino en la mayor parte de la narraci\u00f3n, una decisi\u00f3n sin duda consciente y algo arriesgada por parte del autor, Tambi\u00e9n tendremos que acostumbrarnos a las reiteraciones de algunas estructuras que parecen la marca de la casa de esta obra.<\/p>\n\n\n\n<p>A pesar de  hablar sobre todo el siglo XXI es tambi\u00e9n muy actual, tratando temas del pasado m\u00e1s reciente como la proliferaci\u00f3n de los drones o de un futuro tan, pero tan cercano que se podr\u00eda considerar pr\u00e1cticamente presente. Y sin duda, la especulaci\u00f3n sobre lo que pudiera acontecer en el fin de siglo no parece para nada descabellada.<\/p>\n\n\n\n<p><strong><em>Membrana <\/em><\/strong>es una novela arriesgada y gratificante, que puede dar mucho material para la reflexi\u00f3n aunque no es para nada f\u00e1cil entrar en el juego que propone.<\/p>\n","protected":false},"excerpt":{"rendered":"<p>Por &#8220;razones&#8221;, he vuelto a leer m\u00e1s obras publicadas originalmente en espa\u00f1ol y este Membrana de Jorge Carri\u00f3n lo ten\u00eda en la lista desde hace demasiado tiempo. Membrana es una obra en la que no es f\u00e1cil adentrarse, escrita como si fuera el cat\u00e1logo de una exposici\u00f3n en un museo del futuro que hace un &hellip; <\/p>\n<p class=\"link-more\"><a href=\"https:\/\/www.fantasticaficcion.com\/index.php\/membrana\/\" class=\"more-link\">Continuar leyendo<span class=\"screen-reader-text\"> &#8220;Membrana&#8221;<\/span><\/a><\/p>\n","protected":false},"author":1,"featured_media":0,"comment_status":"open","ping_status":"open","sticky":false,"template":"","format":"standard","meta":{"jetpack_post_was_ever_published":false,"_jetpack_newsletter_access":"","_jetpack_dont_email_post_to_subs":false,"_jetpack_newsletter_tier_id":0,"_jetpack_memberships_contains_paywalled_content":false,"_jetpack_memberships_contains_paid_content":false,"footnotes":""},"categories":[10],"tags":[4,1459,14,8],"class_list":["post-12875","post","type-post","status-publish","format-standard","hentry","category-ciencia-ficcion-2","tag-ciencia-ficcion","tag-jorge-carrion","tag-libros-en-espanol","tag-resenas"],"jetpack_featured_media_url":"","jetpack_shortlink":"https:\/\/wp.me\/s5fEpk-membrana","jetpack_sharing_enabled":true,"_links":{"self":[{"href":"https:\/\/www.fantasticaficcion.com\/index.php\/wp-json\/wp\/v2\/posts\/12875","targetHints":{"allow":["GET"]}}],"collection":[{"href":"https:\/\/www.fantasticaficcion.com\/index.php\/wp-json\/wp\/v2\/posts"}],"about":[{"href":"https:\/\/www.fantasticaficcion.com\/index.php\/wp-json\/wp\/v2\/types\/post"}],"author":[{"embeddable":true,"href":"https:\/\/www.fantasticaficcion.com\/index.php\/wp-json\/wp\/v2\/users\/1"}],"replies":[{"embeddable":true,"href":"https:\/\/www.fantasticaficcion.com\/index.php\/wp-json\/wp\/v2\/comments?post=12875"}],"version-history":[{"count":2,"href":"https:\/\/www.fantasticaficcion.com\/index.php\/wp-json\/wp\/v2\/posts\/12875\/revisions"}],"predecessor-version":[{"id":12878,"href":"https:\/\/www.fantasticaficcion.com\/index.php\/wp-json\/wp\/v2\/posts\/12875\/revisions\/12878"}],"wp:attachment":[{"href":"https:\/\/www.fantasticaficcion.com\/index.php\/wp-json\/wp\/v2\/media?parent=12875"}],"wp:term":[{"taxonomy":"category","embeddable":true,"href":"https:\/\/www.fantasticaficcion.com\/index.php\/wp-json\/wp\/v2\/categories?post=12875"},{"taxonomy":"post_tag","embeddable":true,"href":"https:\/\/www.fantasticaficcion.com\/index.php\/wp-json\/wp\/v2\/tags?post=12875"}],"curies":[{"name":"wp","href":"https:\/\/api.w.org\/{rel}","templated":true}]}}