{"id":12732,"date":"2022-02-16T05:30:00","date_gmt":"2022-02-16T05:30:00","guid":{"rendered":"http:\/\/www.fantasticaficcion.com\/?p=12732"},"modified":"2022-02-08T07:07:54","modified_gmt":"2022-02-08T07:07:54","slug":"portada-de-the-warrior","status":"publish","type":"post","link":"https:\/\/www.fantasticaficcion.com\/index.php\/portada-de-the-warrior\/","title":{"rendered":"Portada de The Warrior"},"content":{"rendered":"\n<p>Ya sabemos cu\u00e1l ser\u00e1 la portada de<a href=\"https:\/\/twitter.com\/redink_perth\/status\/1490664560864284675\"> <strong><em>The Warrior<\/em><\/strong><\/a><strong><em>,<\/em><\/strong> la novela de Stephen Aryan que Angry Robot publicar\u00e1 en verano. Se trata de la continuaci\u00f3n de <strong><em><a href=\"https:\/\/www.fantasticaficcion.com\/index.php\/the-coward\/\" data-type=\"post\" data-id=\"12000\">The Coward<\/a><\/em><\/strong>, de la que ya hablamos en su momento.<\/p>\n\n\n\n<p>Esta es la portada, con dise\u00f1o de Kieryn Tyler:<\/p>\n\n\n\n<div class=\"wp-block-image\"><figure class=\"aligncenter size-full\"><a href=\"https:\/\/www.fantasticaficcion.com\/wp-content\/uploads\/2022\/02\/thewarrior.jpg\"><img loading=\"lazy\" decoding=\"async\" width=\"572\" height=\"900\" src=\"https:\/\/www.fantasticaficcion.com\/wp-content\/uploads\/2022\/02\/thewarrior.jpg\" alt=\"\" class=\"wp-image-12733\" srcset=\"https:\/\/www.fantasticaficcion.com\/wp-content\/uploads\/2022\/02\/thewarrior.jpg 572w, https:\/\/www.fantasticaficcion.com\/wp-content\/uploads\/2022\/02\/thewarrior-191x300.jpg 191w\" sizes=\"auto, (max-width: 572px) 100vw, 572px\" \/><\/a><\/figure><\/div>\n","protected":false},"excerpt":{"rendered":"<p>Ya sabemos cu\u00e1l ser\u00e1 la portada de The Warrior, la novela de Stephen Aryan que Angry Robot publicar\u00e1 en verano. Se trata de la continuaci\u00f3n de The Coward, de la que ya hablamos en su momento. Esta es la portada, con dise\u00f1o de Kieryn Tyler:<\/p>\n","protected":false},"author":1,"featured_media":12733,"comment_status":"open","ping_status":"open","sticky":false,"template":"","format":"standard","meta":{"jetpack_post_was_ever_published":false,"_jetpack_newsletter_access":"","_jetpack_dont_email_post_to_subs":false,"_jetpack_newsletter_tier_id":0,"_jetpack_memberships_contains_paywalled_content":false,"_jetpack_memberships_contains_paid_content":false,"footnotes":""},"categories":[830,5],"tags":[1325,190,96,1344],"class_list":["post-12732","post","type-post","status-publish","format-standard","has-post-thumbnail","hentry","category-artistas","category-fantasia","tag-angry-robot","tag-noticias","tag-portadas","tag-stephen-aryan"],"jetpack_featured_media_url":"https:\/\/www.fantasticaficcion.com\/wp-content\/uploads\/2022\/02\/thewarrior.jpg","jetpack_shortlink":"https:\/\/wp.me\/p5fEpk-3jm","jetpack_sharing_enabled":true,"_links":{"self":[{"href":"https:\/\/www.fantasticaficcion.com\/index.php\/wp-json\/wp\/v2\/posts\/12732","targetHints":{"allow":["GET"]}}],"collection":[{"href":"https:\/\/www.fantasticaficcion.com\/index.php\/wp-json\/wp\/v2\/posts"}],"about":[{"href":"https:\/\/www.fantasticaficcion.com\/index.php\/wp-json\/wp\/v2\/types\/post"}],"author":[{"embeddable":true,"href":"https:\/\/www.fantasticaficcion.com\/index.php\/wp-json\/wp\/v2\/users\/1"}],"replies":[{"embeddable":true,"href":"https:\/\/www.fantasticaficcion.com\/index.php\/wp-json\/wp\/v2\/comments?post=12732"}],"version-history":[{"count":1,"href":"https:\/\/www.fantasticaficcion.com\/index.php\/wp-json\/wp\/v2\/posts\/12732\/revisions"}],"predecessor-version":[{"id":12734,"href":"https:\/\/www.fantasticaficcion.com\/index.php\/wp-json\/wp\/v2\/posts\/12732\/revisions\/12734"}],"wp:featuredmedia":[{"embeddable":true,"href":"https:\/\/www.fantasticaficcion.com\/index.php\/wp-json\/wp\/v2\/media\/12733"}],"wp:attachment":[{"href":"https:\/\/www.fantasticaficcion.com\/index.php\/wp-json\/wp\/v2\/media?parent=12732"}],"wp:term":[{"taxonomy":"category","embeddable":true,"href":"https:\/\/www.fantasticaficcion.com\/index.php\/wp-json\/wp\/v2\/categories?post=12732"},{"taxonomy":"post_tag","embeddable":true,"href":"https:\/\/www.fantasticaficcion.com\/index.php\/wp-json\/wp\/v2\/tags?post=12732"}],"curies":[{"name":"wp","href":"https:\/\/api.w.org\/{rel}","templated":true}]}}