{"id":12694,"date":"2022-02-14T05:30:00","date_gmt":"2022-02-14T05:30:00","guid":{"rendered":"http:\/\/www.fantasticaficcion.com\/?p=12694"},"modified":"2022-01-25T11:01:22","modified_gmt":"2022-01-25T11:01:22","slug":"la-via-del-futuro","status":"publish","type":"post","link":"https:\/\/www.fantasticaficcion.com\/index.php\/la-via-del-futuro\/","title":{"rendered":"La v\u00eda del futuro"},"content":{"rendered":"\n<p>Fue un aut\u00e9ntico placer escuchar las intervenciones de Edmundo Paz Sold\u00e1n en el festival 42 del a\u00f1o pasado, as\u00ed que no iba a pasar mucho tiempo sin que me leyera <strong><em>La v\u00eda del futuro<\/em><\/strong>, su \u00faltima recopilaci\u00f3n de cuentos. Son relatos de un futuro tan, pero tan cercano, que casi podr\u00eda decirse que los estamos viviendo en la actualidad.<\/p>\n\n\n\n<div class=\"wp-block-image\"><figure class=\"alignright size-full is-resized\"><a href=\"https:\/\/www.fantasticaficcion.com\/wp-content\/uploads\/2022\/01\/laviadelfuturo.jpg\"><img loading=\"lazy\" decoding=\"async\" src=\"https:\/\/www.fantasticaficcion.com\/wp-content\/uploads\/2022\/01\/laviadelfuturo.jpg\" alt=\"\" class=\"wp-image-12696\" width=\"357\" height=\"571\" srcset=\"https:\/\/www.fantasticaficcion.com\/wp-content\/uploads\/2022\/01\/laviadelfuturo.jpg 474w, https:\/\/www.fantasticaficcion.com\/wp-content\/uploads\/2022\/01\/laviadelfuturo-188x300.jpg 188w\" sizes=\"auto, (max-width: 357px) 100vw, 357px\" \/><\/a><\/figure><\/div>\n\n\n\n<p>Como toda recopilaci\u00f3n de relatos hay cierta variedad pero se puede decir que la calidad de todos ellos es cuando menos notable. Especialmente llamativo es el primero, por el uso del sincretismo del que ya hizo gala en <strong><em><a href=\"https:\/\/www.fantasticaficcion.com\/index.php\/iris\/\" data-type=\"post\" data-id=\"3107\">Iris<\/a><\/em><\/strong> y que ahora se transforma en el centro del relato que da t\u00edtulo al recopilatorio, escrito a base de recortes period\u00edsticos que dibujan un <em>collage<\/em> de creencias relacionadas con las inteligencias artificiales.<\/p>\n\n\n\n<p>Mencionaba anteriormente la inmediatez del futuro planteado por Edmundo y podemos tomar como ejemplo el uso de las criptomonedas en &#8220;El Se\u00f1or de la Palma&#8221;, c\u00f3mo se burla de la falsa meritocracia que hace pensar al trabajador que si se esfuerza lo suficiente lograr\u00e1 prosperar, cuando lo cierto es que la ascensi\u00f3n a la cima ya est\u00e1 viciada de antemano.<\/p>\n\n\n\n<p>Un tema que est\u00e1 menos de moda en la actualidad, o al menos as\u00ed me lo parece es la ufolog\u00eda, pero el autor lo utiliza tambi\u00e9n en &#8220;Mi querido resplandor&#8221; tal vez m\u00e1s como una mirada al pasado que nos ha tra\u00eddo hasta aqu\u00ed que como una extrapolaci\u00f3n de lo que puede pasar en los a\u00f1os venideros. Quiz\u00e1 el tema ovni est\u00e1 m\u00e1s superado en la actualidad por las teor\u00edas de &#8220;bosque oscuro&#8221; o quiz\u00e1 s\u00f3lo est\u00e1 esperando al <em>revival <\/em>de turno.<\/p>\n\n\n\n<p>En &#8220;La mu\u00f1eca japonesa&#8221; Edmundo nos expone a la deshumanizaci\u00f3n que los maltratadores vuelcan sobre sus parejas haciendo el paralelismo con el inter\u00e9s que despierta en el protagonista tener siempre el \u00faltimo modelo (pirata o no) de aut\u00f3mata, no necesariamente sexual pero siempre con esa connotaci\u00f3n inherente. <\/p>\n\n\n\n<p>Cambiando totalmente de palo, con &#8220;El astronauta Michael Garc\u00eda&#8221; Paz Sold\u00e1n aprovecha para hacer reivindicaciones de clase, pero el mensaje tal vez se pierda un poco por el final lis\u00e9rgico y contundente del cuento.<\/p>\n\n\n\n<p>&#8220;Las calaveras&#8221; me ha recordado en cierta forma el mensaje de M\u00f3nica Byrne en <strong><em><a href=\"https:\/\/www.fantasticaficcion.com\/index.php\/the-actual-star\/\" data-type=\"post\" data-id=\"12407\">The Actual Star<\/a><\/em><\/strong> y la trascendencia que pueden tener las acciones m\u00e1s cotidianas y las menos habituales tambi\u00e9n.<\/p>\n\n\n\n<p>La droga ya estaba muy presente en otros trabajos de Edmundo, pero en &#8220;En la hora de nuestra muerte&#8221; y en el siguiente relato &#8220;Bienvenidos al nuevo mundo&#8221;, que finalizan la antolog\u00eda, son el punto central. Y en ambos relatos son el detonante de la b\u00fasqueda de algo m\u00e1s all\u00e1, bien como huida de la situaci\u00f3n actual bien como siguiente paso en la evoluci\u00f3n.<\/p>\n\n\n\n<p>Recomiendo mucho la lectura pausada de los relatos recogidos en  <strong><em>La v\u00eda del futuro<\/em><\/strong>.<\/p>\n","protected":false},"excerpt":{"rendered":"<p>Fue un aut\u00e9ntico placer escuchar las intervenciones de Edmundo Paz Sold\u00e1n en el festival 42 del a\u00f1o pasado, as\u00ed que no iba a pasar mucho tiempo sin que me leyera La v\u00eda del futuro, su \u00faltima recopilaci\u00f3n de cuentos. Son relatos de un futuro tan, pero tan cercano, que casi podr\u00eda decirse que los estamos &hellip; <\/p>\n<p class=\"link-more\"><a href=\"https:\/\/www.fantasticaficcion.com\/index.php\/la-via-del-futuro\/\" class=\"more-link\">Continuar leyendo<span class=\"screen-reader-text\"> &#8220;La v\u00eda del futuro&#8221;<\/span><\/a><\/p>\n","protected":false},"author":1,"featured_media":12696,"comment_status":"open","ping_status":"open","sticky":false,"template":"","format":"standard","meta":{"jetpack_post_was_ever_published":false,"_jetpack_newsletter_access":"","_jetpack_dont_email_post_to_subs":false,"_jetpack_newsletter_tier_id":0,"_jetpack_memberships_contains_paywalled_content":false,"_jetpack_memberships_contains_paid_content":false,"footnotes":""},"categories":[10,24,829],"tags":[4,475,14,1441,665,8],"class_list":["post-12694","post","type-post","status-publish","format-standard","has-post-thumbnail","hentry","category-ciencia-ficcion-2","category-relatos-cortos","category-resena","tag-ciencia-ficcion","tag-edmundo-paz-soldan","tag-libros-en-espanol","tag-paginas-de-espuma","tag-relatos-cortos","tag-resenas"],"jetpack_featured_media_url":"https:\/\/www.fantasticaficcion.com\/wp-content\/uploads\/2022\/01\/laviadelfuturo.jpg","jetpack_shortlink":"https:\/\/wp.me\/p5fEpk-3iK","jetpack_sharing_enabled":true,"_links":{"self":[{"href":"https:\/\/www.fantasticaficcion.com\/index.php\/wp-json\/wp\/v2\/posts\/12694","targetHints":{"allow":["GET"]}}],"collection":[{"href":"https:\/\/www.fantasticaficcion.com\/index.php\/wp-json\/wp\/v2\/posts"}],"about":[{"href":"https:\/\/www.fantasticaficcion.com\/index.php\/wp-json\/wp\/v2\/types\/post"}],"author":[{"embeddable":true,"href":"https:\/\/www.fantasticaficcion.com\/index.php\/wp-json\/wp\/v2\/users\/1"}],"replies":[{"embeddable":true,"href":"https:\/\/www.fantasticaficcion.com\/index.php\/wp-json\/wp\/v2\/comments?post=12694"}],"version-history":[{"count":2,"href":"https:\/\/www.fantasticaficcion.com\/index.php\/wp-json\/wp\/v2\/posts\/12694\/revisions"}],"predecessor-version":[{"id":12697,"href":"https:\/\/www.fantasticaficcion.com\/index.php\/wp-json\/wp\/v2\/posts\/12694\/revisions\/12697"}],"wp:featuredmedia":[{"embeddable":true,"href":"https:\/\/www.fantasticaficcion.com\/index.php\/wp-json\/wp\/v2\/media\/12696"}],"wp:attachment":[{"href":"https:\/\/www.fantasticaficcion.com\/index.php\/wp-json\/wp\/v2\/media?parent=12694"}],"wp:term":[{"taxonomy":"category","embeddable":true,"href":"https:\/\/www.fantasticaficcion.com\/index.php\/wp-json\/wp\/v2\/categories?post=12694"},{"taxonomy":"post_tag","embeddable":true,"href":"https:\/\/www.fantasticaficcion.com\/index.php\/wp-json\/wp\/v2\/tags?post=12694"}],"curies":[{"name":"wp","href":"https:\/\/api.w.org\/{rel}","templated":true}]}}