{"id":12665,"date":"2022-02-01T05:30:00","date_gmt":"2022-02-01T05:30:00","guid":{"rendered":"http:\/\/www.fantasticaficcion.com\/?p=12665"},"modified":"2022-01-18T07:27:12","modified_gmt":"2022-01-18T07:27:12","slug":"portada-de-night-of-the-raven-dawn-of-the-dove","status":"publish","type":"post","link":"https:\/\/www.fantasticaficcion.com\/index.php\/portada-de-night-of-the-raven-dawn-of-the-dove\/","title":{"rendered":"Portada de Night of the Raven, Dawn of the Dove"},"content":{"rendered":"\n<p>Os traigo la que ser\u00e1 portada de <strong><em><a href=\"https:\/\/twitter.com\/Rati_Mehrotra\/status\/1483099081711009795\">Night of the Raven, Dawn of the Dove<\/a><\/em><\/strong>, la primera novela de Rati Mehrotra, definida como una fantas\u00eda india medieval. Se publicar\u00e1 el 18 de octubre.<\/p>\n\n\n\n<p>Esta es la sinopsis:<\/p>\n\n\n\n<blockquote class=\"wp-block-quote is-layout-flow wp-block-quote-is-layout-flow\"><p><strong>To learn what she can become, she must first discover who she is.<\/strong><\/p><p>A stunning and immersive debut set in an alternate medieval India infested with monsters, where a young guardswoman struggles with her unwitting role as a major pawn in the deadly games between two kingdoms. With incredible characters, a vivid setting and heartrending emotion,\u00a0<em><strong>Night of the Raven, Dawn of the Dove<\/strong><\/em>\u00a0will enthrall you until the very last page.<\/p><\/blockquote>\n\n\n\n<p>Mi traducci\u00f3n:<\/p>\n\n\n\n<blockquote class=\"wp-block-quote is-layout-flow wp-block-quote-is-layout-flow\"><p><strong>Para aprender a ser aquello en lo que se convertir\u00e1, primero deber\u00e1 descubrir qu\u00e9 es.<\/strong><\/p><p>Un sorprendente e inmersivo debut situado en una India medieval alternativa infestada de monstruos, donde una joven guarda luchar\u00e1 con su papel no deseado como pieza importante de los juegos mortales entre dos reinos. Con personajes incre\u00edbles, un escenario v\u00edvido y mucha emoci\u00f3n, <strong><em>Night of the Raven, Dawn of the Dove<\/em><\/strong> te capturar\u00e1 hasta la \u00faltima p\u00e1gina.<\/p><\/blockquote>\n\n\n\n<p>La portada tiene arte de Bunty Pundir y dise\u00f1o de Olga Grlic:<\/p>\n\n\n\n<div class=\"wp-block-image\"><figure class=\"aligncenter size-full\"><a href=\"https:\/\/www.fantasticaficcion.com\/wp-content\/uploads\/2022\/01\/nightoftheraven.jpg\"><img loading=\"lazy\" decoding=\"async\" width=\"564\" height=\"856\" src=\"https:\/\/www.fantasticaficcion.com\/wp-content\/uploads\/2022\/01\/nightoftheraven.jpg\" alt=\"\" class=\"wp-image-12666\" srcset=\"https:\/\/www.fantasticaficcion.com\/wp-content\/uploads\/2022\/01\/nightoftheraven.jpg 564w, https:\/\/www.fantasticaficcion.com\/wp-content\/uploads\/2022\/01\/nightoftheraven-198x300.jpg 198w\" sizes=\"auto, (max-width: 564px) 100vw, 564px\" \/><\/a><\/figure><\/div>\n","protected":false},"excerpt":{"rendered":"<p>Os traigo la que ser\u00e1 portada de Night of the Raven, Dawn of the Dove, la primera novela de Rati Mehrotra, definida como una fantas\u00eda india medieval. Se publicar\u00e1 el 18 de octubre. Esta es la sinopsis: To learn what she can become, she must first discover who she is. A stunning and immersive debut &hellip; <\/p>\n<p class=\"link-more\"><a href=\"https:\/\/www.fantasticaficcion.com\/index.php\/portada-de-night-of-the-raven-dawn-of-the-dove\/\" class=\"more-link\">Continuar leyendo<span class=\"screen-reader-text\"> &#8220;Portada de Night of the Raven, Dawn of the Dove&#8221;<\/span><\/a><\/p>\n","protected":false},"author":1,"featured_media":12666,"comment_status":"open","ping_status":"open","sticky":false,"template":"","format":"standard","meta":{"jetpack_post_was_ever_published":false,"_jetpack_newsletter_access":"","_jetpack_dont_email_post_to_subs":false,"_jetpack_newsletter_tier_id":0,"_jetpack_memberships_contains_paywalled_content":false,"_jetpack_memberships_contains_paid_content":false,"footnotes":""},"categories":[5],"tags":[190,96,1440],"class_list":["post-12665","post","type-post","status-publish","format-standard","has-post-thumbnail","hentry","category-fantasia","tag-noticias","tag-portadas","tag-rati-mehrotra"],"jetpack_featured_media_url":"https:\/\/www.fantasticaficcion.com\/wp-content\/uploads\/2022\/01\/nightoftheraven.jpg","jetpack_shortlink":"https:\/\/wp.me\/p5fEpk-3ih","jetpack_sharing_enabled":true,"_links":{"self":[{"href":"https:\/\/www.fantasticaficcion.com\/index.php\/wp-json\/wp\/v2\/posts\/12665","targetHints":{"allow":["GET"]}}],"collection":[{"href":"https:\/\/www.fantasticaficcion.com\/index.php\/wp-json\/wp\/v2\/posts"}],"about":[{"href":"https:\/\/www.fantasticaficcion.com\/index.php\/wp-json\/wp\/v2\/types\/post"}],"author":[{"embeddable":true,"href":"https:\/\/www.fantasticaficcion.com\/index.php\/wp-json\/wp\/v2\/users\/1"}],"replies":[{"embeddable":true,"href":"https:\/\/www.fantasticaficcion.com\/index.php\/wp-json\/wp\/v2\/comments?post=12665"}],"version-history":[{"count":1,"href":"https:\/\/www.fantasticaficcion.com\/index.php\/wp-json\/wp\/v2\/posts\/12665\/revisions"}],"predecessor-version":[{"id":12667,"href":"https:\/\/www.fantasticaficcion.com\/index.php\/wp-json\/wp\/v2\/posts\/12665\/revisions\/12667"}],"wp:featuredmedia":[{"embeddable":true,"href":"https:\/\/www.fantasticaficcion.com\/index.php\/wp-json\/wp\/v2\/media\/12666"}],"wp:attachment":[{"href":"https:\/\/www.fantasticaficcion.com\/index.php\/wp-json\/wp\/v2\/media?parent=12665"}],"wp:term":[{"taxonomy":"category","embeddable":true,"href":"https:\/\/www.fantasticaficcion.com\/index.php\/wp-json\/wp\/v2\/categories?post=12665"},{"taxonomy":"post_tag","embeddable":true,"href":"https:\/\/www.fantasticaficcion.com\/index.php\/wp-json\/wp\/v2\/tags?post=12665"}],"curies":[{"name":"wp","href":"https:\/\/api.w.org\/{rel}","templated":true}]}}