{"id":12662,"date":"2022-01-28T05:30:00","date_gmt":"2022-01-28T05:30:00","guid":{"rendered":"http:\/\/www.fantasticaficcion.com\/?p=12662"},"modified":"2022-01-28T07:57:44","modified_gmt":"2022-01-28T07:57:44","slug":"portada-de-the-bladed-faith","status":"publish","type":"post","link":"https:\/\/www.fantasticaficcion.com\/index.php\/portada-de-the-bladed-faith\/","title":{"rendered":"Portada de The Bladed Faith"},"content":{"rendered":"\n<p>Orbit ha anunciado cu\u00e1l ser\u00e1 la portada de <strong><em><a href=\"https:\/\/www.orbitbooks.net\/2022\/01\/14\/cover-launch-bladedfaith-by-david-dalglish\/\">The Bladed Faith<\/a><\/em><\/strong>, la nueva novela de David Dalglish. <\/p>\n\n\n\n<p>Esta es la sinopsis:<\/p>\n\n\n\n<blockquote class=\"wp-block-quote is-layout-flow wp-block-quote-is-layout-flow\"><p>Cyrus was only twelve years old when his gods were slain, his country invaded, and his parents\u2014the king and queen\u2014beheaded in front of him. Held prisoner in the invader\u2019s court for years, Cyrus is suddenly given a chance to escape and claim his revenge when a mysterious group of revolutionaries comes looking for a figurehead. They need a hero to strike fear into the hearts of the imperial and to inspire and unite the people. They need someone to take up the skull mask and swords and to become the legendary \u201cVagrant\u201d\u2014an unparalleled hero and assassin of otherworldly skill.<\/p><p>But all is not as it seems. Creating the illusion of a hero is the work of many, and Cyrus will soon discover the true price of his vengeance.<\/p><\/blockquote>\n\n\n\n<p>Mi traducci\u00f3n:<\/p>\n\n\n\n<blockquote class=\"wp-block-quote is-layout-flow wp-block-quote-is-layout-flow\"><p>Cyrus solo ten\u00eda 12 a\u00f1os cuando asesinaron a sus dioses, invadieron su pa\u00eds y guillotinaron a sus padres, el rey y la reina, frente a \u00e9l. Aprisionado en la corte del invasor durante a\u00f1os, Cyrus de repente puede escapar para reclamar su venganza cuando un misterioso grupo de revolucionarios le busca como cabecilla. Necesitan un h\u00e9roe para aterrorizar a los imperiales e inspirar y unir a la gente. Necesitan alguien que tome la m\u00e1scara de cr\u00e1neo y las espadas y se convierta en el legendario Vagabundo, un h\u00e9roe sin parag\u00f3n y un asesino extraordinariamente h\u00e1bil.<\/p><p>Pero no todo es lo que parece. Crear la ilusi\u00f3n de un h\u00e9roe es un trabajo de mucho, y Cyrus pronto descubrir\u00e1 el verdadero precio de su venganza.<\/p><\/blockquote>\n\n\n\n<p>El dise\u00f1o de portada es de Lauren Panepinto y la ilustraci\u00f3n de Chase Stone:<\/p>\n\n\n\n<figure class=\"wp-block-image size-full\"><a href=\"https:\/\/www.fantasticaficcion.com\/wp-content\/uploads\/2022\/01\/BladedFaith-revcover-662x1024-1.jpg\"><img loading=\"lazy\" decoding=\"async\" width=\"662\" height=\"1024\" src=\"https:\/\/www.fantasticaficcion.com\/wp-content\/uploads\/2022\/01\/BladedFaith-revcover-662x1024-1.jpg\" alt=\"\" class=\"wp-image-12663\" srcset=\"https:\/\/www.fantasticaficcion.com\/wp-content\/uploads\/2022\/01\/BladedFaith-revcover-662x1024-1.jpg 662w, https:\/\/www.fantasticaficcion.com\/wp-content\/uploads\/2022\/01\/BladedFaith-revcover-662x1024-1-194x300.jpg 194w\" sizes=\"auto, (max-width: 662px) 100vw, 662px\" \/><\/a><\/figure>\n","protected":false},"excerpt":{"rendered":"<p>Orbit ha anunciado cu\u00e1l ser\u00e1 la portada de The Bladed Faith, la nueva novela de David Dalglish. Esta es la sinopsis: Cyrus was only twelve years old when his gods were slain, his country invaded, and his parents\u2014the king and queen\u2014beheaded in front of him. Held prisoner in the invader\u2019s court for years, Cyrus is &hellip; <\/p>\n<p class=\"link-more\"><a href=\"https:\/\/www.fantasticaficcion.com\/index.php\/portada-de-the-bladed-faith\/\" class=\"more-link\">Continuar leyendo<span class=\"screen-reader-text\"> &#8220;Portada de The Bladed Faith&#8221;<\/span><\/a><\/p>\n","protected":false},"author":1,"featured_media":12663,"comment_status":"open","ping_status":"open","sticky":false,"template":"","format":"standard","meta":{"jetpack_post_was_ever_published":false,"_jetpack_newsletter_access":"","_jetpack_dont_email_post_to_subs":false,"_jetpack_newsletter_tier_id":0,"_jetpack_memberships_contains_paywalled_content":false,"_jetpack_memberships_contains_paid_content":false,"footnotes":""},"categories":[830,5],"tags":[1241,190,1339,96],"class_list":["post-12662","post","type-post","status-publish","format-standard","has-post-thumbnail","hentry","category-artistas","category-fantasia","tag-david-dalglish","tag-noticias","tag-orbit","tag-portadas"],"jetpack_featured_media_url":"https:\/\/www.fantasticaficcion.com\/wp-content\/uploads\/2022\/01\/BladedFaith-revcover-662x1024-1.jpg","jetpack_shortlink":"https:\/\/wp.me\/p5fEpk-3ie","jetpack_sharing_enabled":true,"_links":{"self":[{"href":"https:\/\/www.fantasticaficcion.com\/index.php\/wp-json\/wp\/v2\/posts\/12662","targetHints":{"allow":["GET"]}}],"collection":[{"href":"https:\/\/www.fantasticaficcion.com\/index.php\/wp-json\/wp\/v2\/posts"}],"about":[{"href":"https:\/\/www.fantasticaficcion.com\/index.php\/wp-json\/wp\/v2\/types\/post"}],"author":[{"embeddable":true,"href":"https:\/\/www.fantasticaficcion.com\/index.php\/wp-json\/wp\/v2\/users\/1"}],"replies":[{"embeddable":true,"href":"https:\/\/www.fantasticaficcion.com\/index.php\/wp-json\/wp\/v2\/comments?post=12662"}],"version-history":[{"count":1,"href":"https:\/\/www.fantasticaficcion.com\/index.php\/wp-json\/wp\/v2\/posts\/12662\/revisions"}],"predecessor-version":[{"id":12664,"href":"https:\/\/www.fantasticaficcion.com\/index.php\/wp-json\/wp\/v2\/posts\/12662\/revisions\/12664"}],"wp:featuredmedia":[{"embeddable":true,"href":"https:\/\/www.fantasticaficcion.com\/index.php\/wp-json\/wp\/v2\/media\/12663"}],"wp:attachment":[{"href":"https:\/\/www.fantasticaficcion.com\/index.php\/wp-json\/wp\/v2\/media?parent=12662"}],"wp:term":[{"taxonomy":"category","embeddable":true,"href":"https:\/\/www.fantasticaficcion.com\/index.php\/wp-json\/wp\/v2\/categories?post=12662"},{"taxonomy":"post_tag","embeddable":true,"href":"https:\/\/www.fantasticaficcion.com\/index.php\/wp-json\/wp\/v2\/tags?post=12662"}],"curies":[{"name":"wp","href":"https:\/\/api.w.org\/{rel}","templated":true}]}}