{"id":12635,"date":"2022-01-19T05:30:00","date_gmt":"2022-01-19T05:30:00","guid":{"rendered":"http:\/\/www.fantasticaficcion.com\/?p=12635"},"modified":"2022-01-07T07:10:38","modified_gmt":"2022-01-07T07:10:38","slug":"portada-de-into-the-windwracked-wilds","status":"publish","type":"post","link":"https:\/\/www.fantasticaficcion.com\/index.php\/portada-de-into-the-windwracked-wilds\/","title":{"rendered":"Portada de  Into the Windwracked Wilds"},"content":{"rendered":"\n<p>Es muy curioso ver el ejercicio de creaci\u00f3n de universo que est\u00e1 realizando la prol\u00edfica Seanan McGuire, con su serie Wayward Children que a su vez se relaciona con <strong><em><a href=\"https:\/\/www.fantasticaficcion.com\/index.php\/middlegame\/\" data-type=\"post\" data-id=\"10004\">Middlegame<\/a><\/em><\/strong> que dio lugar como <em>spin-off<\/em> a los libros de A. Deborah Baker. Hoy sabemos cu\u00e1l ser\u00e1 la portada de la tercera entrega de esta serie, titulada <a href=\"https:\/\/www.tor.com\/2022\/01\/05\/cover-reveals-into-the-windwracked-wilds-seanan-mcguire\/\"><strong><em>Into the Windwracked Wilds<\/em><\/strong><\/a>. Tor.com la publicar\u00e1 el 25 de octubre.<\/p>\n\n\n\n<p>Esta es la sinopsis:<\/p>\n\n\n\n<blockquote class=\"wp-block-quote is-layout-flow wp-block-quote-is-layout-flow\"><p>Avery and Zib have somehow become friends, despite one being chalk and the other cheese (though in light of the miracles they have already seen, and those they are yet to experience, it is important to clarify that this is idiomatic).<\/p><p>An unfortunate encounter with the Page of Ceaseless Storms thrusts the duo, along with their friends Niamh and the Crow Girl, into the clutches of the Queen of Swords.<\/p><p>They\u2019ll soon discover that an audience with royalty is never easily escaped\u2026<\/p><\/blockquote>\n\n\n\n<p>Mi traducci\u00f3n:<\/p>\n\n\n\n<blockquote class=\"wp-block-quote is-layout-flow wp-block-quote-is-layout-flow\"><p>Avery y Zib han acabado haci\u00e9ndose amigos, a pesar de sus tremendas diferencias, uno de cal y otro de arena (aunque teniendo en cuenta los milagros que han visto y de los que ser\u00e1n testigos, ser\u00eda importante dejar claro que esto es una frase hecha).<\/p><p>Un desafortunado encuentro con El Paje de las Incesantes Tormentas lanzar\u00e1 a la pareja, junto con sus amigas Niamh y la Chica Cuervo, a las garras de la Reina de Espadas.<\/p><p>Pronto descubrir\u00e1n que no es f\u00e1cil huir de una audiencia con la reina&#8230;<\/p><\/blockquote>\n\n\n\n<p>Esta es la portada de David Curtis:<\/p>\n\n\n\n<figure class=\"wp-block-image size-large\"><a href=\"https:\/\/www.fantasticaficcion.com\/wp-content\/uploads\/2022\/01\/WindWrackedWilds_finalprev_trimmed_01-1-1-scaled-1.jpg\"><img loading=\"lazy\" decoding=\"async\" width=\"641\" height=\"1024\" src=\"https:\/\/www.fantasticaficcion.com\/wp-content\/uploads\/2022\/01\/WindWrackedWilds_finalprev_trimmed_01-1-1-scaled-1-641x1024.jpg\" alt=\"\" class=\"wp-image-12636\" srcset=\"https:\/\/www.fantasticaficcion.com\/wp-content\/uploads\/2022\/01\/WindWrackedWilds_finalprev_trimmed_01-1-1-scaled-1-641x1024.jpg 641w, https:\/\/www.fantasticaficcion.com\/wp-content\/uploads\/2022\/01\/WindWrackedWilds_finalprev_trimmed_01-1-1-scaled-1-188x300.jpg 188w, https:\/\/www.fantasticaficcion.com\/wp-content\/uploads\/2022\/01\/WindWrackedWilds_finalprev_trimmed_01-1-1-scaled-1.jpg 740w\" sizes=\"auto, (max-width: 641px) 100vw, 641px\" \/><\/a><\/figure>\n\n\n\n<p><\/p>\n","protected":false},"excerpt":{"rendered":"<p>Es muy curioso ver el ejercicio de creaci\u00f3n de universo que est\u00e1 realizando la prol\u00edfica Seanan McGuire, con su serie Wayward Children que a su vez se relaciona con Middlegame que dio lugar como spin-off a los libros de A. Deborah Baker. Hoy sabemos cu\u00e1l ser\u00e1 la portada de la tercera entrega de esta serie, &hellip; <\/p>\n<p class=\"link-more\"><a href=\"https:\/\/www.fantasticaficcion.com\/index.php\/portada-de-into-the-windwracked-wilds\/\" class=\"more-link\">Continuar leyendo<span class=\"screen-reader-text\"> &#8220;Portada de  Into the Windwracked Wilds&#8221;<\/span><\/a><\/p>\n","protected":false},"author":1,"featured_media":12636,"comment_status":"open","ping_status":"open","sticky":false,"template":"","format":"standard","meta":{"jetpack_post_was_ever_published":false,"_jetpack_newsletter_access":"","_jetpack_dont_email_post_to_subs":false,"_jetpack_newsletter_tier_id":0,"_jetpack_memberships_contains_paywalled_content":false,"_jetpack_memberships_contains_paid_content":false,"footnotes":""},"categories":[830,5],"tags":[190,96,59,1338],"class_list":["post-12635","post","type-post","status-publish","format-standard","has-post-thumbnail","hentry","category-artistas","category-fantasia","tag-noticias","tag-portadas","tag-seanan-mcguire","tag-tor-com"],"jetpack_featured_media_url":"https:\/\/www.fantasticaficcion.com\/wp-content\/uploads\/2022\/01\/WindWrackedWilds_finalprev_trimmed_01-1-1-scaled-1.jpg","jetpack_shortlink":"https:\/\/wp.me\/p5fEpk-3hN","jetpack_sharing_enabled":true,"_links":{"self":[{"href":"https:\/\/www.fantasticaficcion.com\/index.php\/wp-json\/wp\/v2\/posts\/12635","targetHints":{"allow":["GET"]}}],"collection":[{"href":"https:\/\/www.fantasticaficcion.com\/index.php\/wp-json\/wp\/v2\/posts"}],"about":[{"href":"https:\/\/www.fantasticaficcion.com\/index.php\/wp-json\/wp\/v2\/types\/post"}],"author":[{"embeddable":true,"href":"https:\/\/www.fantasticaficcion.com\/index.php\/wp-json\/wp\/v2\/users\/1"}],"replies":[{"embeddable":true,"href":"https:\/\/www.fantasticaficcion.com\/index.php\/wp-json\/wp\/v2\/comments?post=12635"}],"version-history":[{"count":1,"href":"https:\/\/www.fantasticaficcion.com\/index.php\/wp-json\/wp\/v2\/posts\/12635\/revisions"}],"predecessor-version":[{"id":12637,"href":"https:\/\/www.fantasticaficcion.com\/index.php\/wp-json\/wp\/v2\/posts\/12635\/revisions\/12637"}],"wp:featuredmedia":[{"embeddable":true,"href":"https:\/\/www.fantasticaficcion.com\/index.php\/wp-json\/wp\/v2\/media\/12636"}],"wp:attachment":[{"href":"https:\/\/www.fantasticaficcion.com\/index.php\/wp-json\/wp\/v2\/media?parent=12635"}],"wp:term":[{"taxonomy":"category","embeddable":true,"href":"https:\/\/www.fantasticaficcion.com\/index.php\/wp-json\/wp\/v2\/categories?post=12635"},{"taxonomy":"post_tag","embeddable":true,"href":"https:\/\/www.fantasticaficcion.com\/index.php\/wp-json\/wp\/v2\/tags?post=12635"}],"curies":[{"name":"wp","href":"https:\/\/api.w.org\/{rel}","templated":true}]}}