{"id":12561,"date":"2021-12-24T05:30:00","date_gmt":"2021-12-24T05:30:00","guid":{"rendered":"http:\/\/www.fantasticaficcion.com\/?p=12561"},"modified":"2021-12-07T12:36:23","modified_gmt":"2021-12-07T12:36:23","slug":"portada-de-the-grief-of-stones","status":"publish","type":"post","link":"https:\/\/www.fantasticaficcion.com\/index.php\/portada-de-the-grief-of-stones\/","title":{"rendered":"Portada de The Grief of Stones"},"content":{"rendered":"\n<p>Ya se ha dado a conocer cu\u00e1l ser\u00e1 la portada de <strong><em><a href=\"https:\/\/us.macmillan.com\/books\/9781250813893\/the-grief-of-stones\">The Grief of Stones<\/a><\/em><\/strong>, la secuela de <strong><em><a href=\"https:\/\/www.fantasticaficcion.com\/index.php\/the-witness-for-the-dead\/\" data-type=\"post\" data-id=\"12027\">The Witness for the Dead<\/a><\/em><\/strong>, de Katherine Addison.<\/p>\n\n\n\n<p>Esta es la sinopsis:<\/p>\n\n\n\n<blockquote class=\"wp-block-quote is-layout-flow wp-block-quote-is-layout-flow\"><p>Celehar\u2019s life as the Witness for the Dead of Amalo grows less isolated as his circle of friends grows larger. He has been given an apprentice to teach, and he has stumbled over a scandal of the city\u2014the foundling girls. Orphans with no family to claim them and no funds to buy an apprenticeship. Foundling boys go to the Prelacies; foundling girls are sold into service, or worse.<\/p><p>At once touching and shattering, Celehar\u2019s witnessing for one of these girls will lead him into the depths of his own losses.<\/p><p>The love of his friends will lead him out again.<\/p><\/blockquote>\n\n\n\n<p>Mi traducci\u00f3n:<\/p>\n\n\n\n<blockquote class=\"wp-block-quote is-layout-flow wp-block-quote-is-layout-flow\"><p>La vida de Celehar como Testigo de los Muertos en Amalo se vuelve menos aislado conforme su c\u00edrculo de amistades va aumentando. Con un aprendiz a su cargo se encuentra con un esc\u00e1ndalo en la ciudad, las chicas exp\u00f3sitas. Hu\u00e9rfanas sin familia y sin recursos para comprar una plaza de aprendiz. Los exp\u00f3sitos van a las Prelac\u00edas, las exp\u00f3sitas se venden para servicio, o algo peor.<\/p><p>A la vez revelador y devastador, el trabajo de Celehar como Testigo de una de estas chicas le llevar\u00e1 hacia las profundidades de sus propias p\u00e9rdidas.<\/p><p>El amor de sus amigos le tendr\u00e1 que sacar a flote de nuevo.<\/p><\/blockquote>\n\n\n\n<p>Esta es la portada:<\/p>\n\n\n\n<figure class=\"wp-block-image size-large\"><a href=\"https:\/\/www.fantasticaficcion.com\/wp-content\/uploads\/2021\/12\/thegriefofstones.jpg\"><img loading=\"lazy\" decoding=\"async\" width=\"702\" height=\"1024\" src=\"https:\/\/www.fantasticaficcion.com\/wp-content\/uploads\/2021\/12\/thegriefofstones-702x1024.jpg\" alt=\"\" class=\"wp-image-12562\" srcset=\"https:\/\/www.fantasticaficcion.com\/wp-content\/uploads\/2021\/12\/thegriefofstones-702x1024.jpg 702w, https:\/\/www.fantasticaficcion.com\/wp-content\/uploads\/2021\/12\/thegriefofstones-206x300.jpg 206w, https:\/\/www.fantasticaficcion.com\/wp-content\/uploads\/2021\/12\/thegriefofstones-768x1120.jpg 768w, https:\/\/www.fantasticaficcion.com\/wp-content\/uploads\/2021\/12\/thegriefofstones.jpg 900w\" sizes=\"auto, (max-width: 702px) 100vw, 702px\" \/><\/a><\/figure>\n","protected":false},"excerpt":{"rendered":"<p>Ya se ha dado a conocer cu\u00e1l ser\u00e1 la portada de The Grief of Stones, la secuela de The Witness for the Dead, de Katherine Addison. Esta es la sinopsis: Celehar\u2019s life as the Witness for the Dead of Amalo grows less isolated as his circle of friends grows larger. He has been given an &hellip; <\/p>\n<p class=\"link-more\"><a href=\"https:\/\/www.fantasticaficcion.com\/index.php\/portada-de-the-grief-of-stones\/\" class=\"more-link\">Continuar leyendo<span class=\"screen-reader-text\"> &#8220;Portada de The Grief of Stones&#8221;<\/span><\/a><\/p>\n","protected":false},"author":1,"featured_media":12562,"comment_status":"open","ping_status":"open","sticky":false,"template":"","format":"standard","meta":{"jetpack_post_was_ever_published":false,"_jetpack_newsletter_access":"","_jetpack_dont_email_post_to_subs":false,"_jetpack_newsletter_tier_id":0,"_jetpack_memberships_contains_paywalled_content":false,"_jetpack_memberships_contains_paid_content":false,"footnotes":""},"categories":[830,5],"tags":[1055,190,96,1332],"class_list":["post-12561","post","type-post","status-publish","format-standard","has-post-thumbnail","hentry","category-artistas","category-fantasia","tag-katherine-addison","tag-noticias","tag-portadas","tag-tor"],"jetpack_featured_media_url":"https:\/\/www.fantasticaficcion.com\/wp-content\/uploads\/2021\/12\/thegriefofstones.jpg","jetpack_shortlink":"https:\/\/wp.me\/p5fEpk-3gB","jetpack_sharing_enabled":true,"_links":{"self":[{"href":"https:\/\/www.fantasticaficcion.com\/index.php\/wp-json\/wp\/v2\/posts\/12561","targetHints":{"allow":["GET"]}}],"collection":[{"href":"https:\/\/www.fantasticaficcion.com\/index.php\/wp-json\/wp\/v2\/posts"}],"about":[{"href":"https:\/\/www.fantasticaficcion.com\/index.php\/wp-json\/wp\/v2\/types\/post"}],"author":[{"embeddable":true,"href":"https:\/\/www.fantasticaficcion.com\/index.php\/wp-json\/wp\/v2\/users\/1"}],"replies":[{"embeddable":true,"href":"https:\/\/www.fantasticaficcion.com\/index.php\/wp-json\/wp\/v2\/comments?post=12561"}],"version-history":[{"count":1,"href":"https:\/\/www.fantasticaficcion.com\/index.php\/wp-json\/wp\/v2\/posts\/12561\/revisions"}],"predecessor-version":[{"id":12563,"href":"https:\/\/www.fantasticaficcion.com\/index.php\/wp-json\/wp\/v2\/posts\/12561\/revisions\/12563"}],"wp:featuredmedia":[{"embeddable":true,"href":"https:\/\/www.fantasticaficcion.com\/index.php\/wp-json\/wp\/v2\/media\/12562"}],"wp:attachment":[{"href":"https:\/\/www.fantasticaficcion.com\/index.php\/wp-json\/wp\/v2\/media?parent=12561"}],"wp:term":[{"taxonomy":"category","embeddable":true,"href":"https:\/\/www.fantasticaficcion.com\/index.php\/wp-json\/wp\/v2\/categories?post=12561"},{"taxonomy":"post_tag","embeddable":true,"href":"https:\/\/www.fantasticaficcion.com\/index.php\/wp-json\/wp\/v2\/tags?post=12561"}],"curies":[{"name":"wp","href":"https:\/\/api.w.org\/{rel}","templated":true}]}}