{"id":12539,"date":"2021-12-22T05:30:00","date_gmt":"2021-12-22T05:30:00","guid":{"rendered":"http:\/\/www.fantasticaficcion.com\/?p=12539"},"modified":"2021-11-29T11:57:22","modified_gmt":"2021-11-29T11:57:22","slug":"sinopsis-y-portada-de-the-collarbound","status":"publish","type":"post","link":"https:\/\/www.fantasticaficcion.com\/index.php\/sinopsis-y-portada-de-the-collarbound\/","title":{"rendered":"Sinopsis y portada de The Collarbound"},"content":{"rendered":"\n<p>Aqu\u00ed os traigo la sinopsis y la portada de <strong><em><a href=\"https:\/\/fantasy-hive.co.uk\/2021\/11\/the-collarbound-by-rebecca-zahabi-cover-reveal\/\">The Collarbound<\/a><\/em><\/strong>, una novela fant\u00e1stica de Rebecca Zahabi que publicar\u00e1 Gollancz el 12 de mayo. <\/p>\n\n\n\n<p>Esta es la sinopsis:<\/p>\n\n\n\n<blockquote class=\"wp-block-quote is-layout-flow wp-block-quote-is-layout-flow\"><p><em>As the world faces rebellion and chaos, two people \u2013 one an escaped slave, one an amnesiac mage \u2013 will discover that their pasts are entwined, and their futures destined to collide.<\/em><\/p><p><em>On the other side of the Shadowpass, rebellion is brewing and refugees have begun to trickle into the city at the edge of the world. Looming high on the cliff is The Nest, a fortress full of mages who offer protection, but also embody everything the rebellion is fighting against: a strict hierarchy based on magic abilities, and the oppression of the Kher community.<\/em><\/p><p><em>When Isha arrives as a refugee, she attempts to fit in amongst the other mages, but her Kher tattoo brands her as an outcast. She can\u2019t remember her past or why she has the tattoo. All she knows is that she survived. She doesn\u2019t intend to give up now.<\/em><\/p><p><em>Tatters, who wears the golden collar of a slave, knows that this rebellion is different from past skirmishes. He was once one of the rebels, fought beside them, and technically, they still own him. He plans to stay in the shadows, until Isha appears in his tavern. He\u2019s never seen a human with a tattoo, and the markings look eerily familiar. Despite his fear of being discovered, Tatters decides to help her.<\/em><\/p><p><em>\u00a0As the rebellion carves a path of destruction towards the city, The Collarbound follows an unlikely friendship between a man trying to escape his past and a woman trying to uncover hers, until their secrets threaten to tear them apart.<\/em><\/p><\/blockquote>\n\n\n\n<p>Mi traducci\u00f3n:<\/p>\n\n\n\n<blockquote class=\"wp-block-quote is-layout-flow wp-block-quote-is-layout-flow\"><p>Cuando el mundo se enfrenta a la rebeli\u00f3n y el caos, dos personas, un esclavo fugado y una maga amn\u00e9sica, descubrir\u00e1n que sus pasados est\u00e1n enlazados y que sus futuros est\u00e1n condenados a encontrarse.<\/p><p>Al otro lado del Paso de las Sombras, la rebeli\u00f3n est\u00e1 creciendo y los refugiados empiezan a  aparecer en la ciudad en el borde del mundo. Colgado en las alturas est\u00e1 el Nido, una fortaleza repleta de magos que ofrecen protecci\u00f3n, pero que tambi\u00e9n representan todo aquello a lo que se enfrenta la rebeli\u00f3n: una jerarqu\u00eda estricta basada en las habilidades m\u00e1gicas  y la opresi\u00f3n de la comunidad Kher.<\/p><p>Cuando Isha llega como refugiada, intenta encajar entre los otros magos, pero su tatuaje Kher la marca como una paria. No puede recordar su pasado o por qu\u00e9 tiene el tatuaje. Todo lo que sabe es que sobrevivi\u00f3. No piensa rendirse ahora.<\/p><p><span style=\"font-size: revert;\">Tatters, que lleva el dorado collar de los esclavos, sabe que esta rebeli\u00f3n es diferente de las escaramuzas anteriores. Una vez perteneci\u00f3 a los rebeldes, luch\u00f3 junta ellos y, t\u00e9cnicamente, todav\u00eda se lo deben. Su plan es permanecer en las sombras, hasta que Isha aparece en su taberna. Nunca hab\u00eda visto un humano con un tatuaje y su marca le es preocupantemente familiar.  A pesar de su miedo, Tatters decide ayudarla. <\/span><\/p><p>Conforme la rebeli\u00f3n causa destrucci\u00f3n en su camino a la ciudad, <strong><em>The Collarbound<\/em><\/strong> nos narra una amistad at\u00edpica entre un hombre que huye de su pasado y una mujer que trata de descubrir el suyo, hasta que sus secretos amenazan con separarlos<\/p><\/blockquote>\n\n\n\n<p>La portada es de Jung Shan Chang:<\/p>\n\n\n\n<figure class=\"wp-block-image size-large\"><a href=\"https:\/\/www.fantasticaficcion.com\/wp-content\/uploads\/2021\/11\/The-Collarbound-scaled-1.jpg\"><img loading=\"lazy\" decoding=\"async\" width=\"672\" height=\"1024\" src=\"https:\/\/www.fantasticaficcion.com\/wp-content\/uploads\/2021\/11\/The-Collarbound-scaled-1-672x1024.jpg\" alt=\"\" class=\"wp-image-12540\" srcset=\"https:\/\/www.fantasticaficcion.com\/wp-content\/uploads\/2021\/11\/The-Collarbound-scaled-1-672x1024.jpg 672w, https:\/\/www.fantasticaficcion.com\/wp-content\/uploads\/2021\/11\/The-Collarbound-scaled-1-197x300.jpg 197w, https:\/\/www.fantasticaficcion.com\/wp-content\/uploads\/2021\/11\/The-Collarbound-scaled-1-768x1170.jpg 768w, https:\/\/www.fantasticaficcion.com\/wp-content\/uploads\/2021\/11\/The-Collarbound-scaled-1-1009x1536.jpg 1009w, https:\/\/www.fantasticaficcion.com\/wp-content\/uploads\/2021\/11\/The-Collarbound-scaled-1-1345x2048.jpg 1345w, https:\/\/www.fantasticaficcion.com\/wp-content\/uploads\/2021\/11\/The-Collarbound-scaled-1.jpg 1400w\" sizes=\"auto, (max-width: 672px) 100vw, 672px\" \/><\/a><\/figure>\n\n\n\n<p>  <\/p>\n","protected":false},"excerpt":{"rendered":"<p>Aqu\u00ed os traigo la sinopsis y la portada de The Collarbound, una novela fant\u00e1stica de Rebecca Zahabi que publicar\u00e1 Gollancz el 12 de mayo. Esta es la sinopsis: As the world faces rebellion and chaos, two people \u2013 one an escaped slave, one an amnesiac mage \u2013 will discover that their pasts are entwined, and &hellip; <\/p>\n<p class=\"link-more\"><a href=\"https:\/\/www.fantasticaficcion.com\/index.php\/sinopsis-y-portada-de-the-collarbound\/\" class=\"more-link\">Continuar leyendo<span class=\"screen-reader-text\"> &#8220;Sinopsis y portada de The Collarbound&#8221;<\/span><\/a><\/p>\n","protected":false},"author":1,"featured_media":0,"comment_status":"open","ping_status":"open","sticky":false,"template":"","format":"standard","meta":{"jetpack_post_was_ever_published":false,"_jetpack_newsletter_access":"","_jetpack_dont_email_post_to_subs":false,"_jetpack_newsletter_tier_id":0,"_jetpack_memberships_contains_paywalled_content":false,"_jetpack_memberships_contains_paid_content":false,"footnotes":""},"categories":[830,5],"tags":[1351,190,96,1434],"class_list":["post-12539","post","type-post","status-publish","format-standard","hentry","category-artistas","category-fantasia","tag-gollancz","tag-noticias","tag-portadas","tag-rebecca-zahabi"],"jetpack_featured_media_url":"","jetpack_shortlink":"https:\/\/wp.me\/p5fEpk-3gf","jetpack_sharing_enabled":true,"_links":{"self":[{"href":"https:\/\/www.fantasticaficcion.com\/index.php\/wp-json\/wp\/v2\/posts\/12539","targetHints":{"allow":["GET"]}}],"collection":[{"href":"https:\/\/www.fantasticaficcion.com\/index.php\/wp-json\/wp\/v2\/posts"}],"about":[{"href":"https:\/\/www.fantasticaficcion.com\/index.php\/wp-json\/wp\/v2\/types\/post"}],"author":[{"embeddable":true,"href":"https:\/\/www.fantasticaficcion.com\/index.php\/wp-json\/wp\/v2\/users\/1"}],"replies":[{"embeddable":true,"href":"https:\/\/www.fantasticaficcion.com\/index.php\/wp-json\/wp\/v2\/comments?post=12539"}],"version-history":[{"count":1,"href":"https:\/\/www.fantasticaficcion.com\/index.php\/wp-json\/wp\/v2\/posts\/12539\/revisions"}],"predecessor-version":[{"id":12541,"href":"https:\/\/www.fantasticaficcion.com\/index.php\/wp-json\/wp\/v2\/posts\/12539\/revisions\/12541"}],"wp:attachment":[{"href":"https:\/\/www.fantasticaficcion.com\/index.php\/wp-json\/wp\/v2\/media?parent=12539"}],"wp:term":[{"taxonomy":"category","embeddable":true,"href":"https:\/\/www.fantasticaficcion.com\/index.php\/wp-json\/wp\/v2\/categories?post=12539"},{"taxonomy":"post_tag","embeddable":true,"href":"https:\/\/www.fantasticaficcion.com\/index.php\/wp-json\/wp\/v2\/tags?post=12539"}],"curies":[{"name":"wp","href":"https:\/\/api.w.org\/{rel}","templated":true}]}}