{"id":12530,"date":"2021-12-15T05:30:00","date_gmt":"2021-12-15T05:30:00","guid":{"rendered":"http:\/\/www.fantasticaficcion.com\/?p=12530"},"modified":"2021-11-29T08:00:44","modified_gmt":"2021-11-29T08:00:44","slug":"portada-de-in-the-shadow-of-lightning","status":"publish","type":"post","link":"https:\/\/www.fantasticaficcion.com\/index.php\/portada-de-in-the-shadow-of-lightning\/","title":{"rendered":"Portada de In the Shadow of Lightning"},"content":{"rendered":"\n<p>Me hace especial ilusi\u00f3n traeros la que ser\u00e1 portada de la nueva novela de Brian McClellan, <strong><em><a href=\"https:\/\/www.tor.com\/2021\/11\/23\/cover-reveals-in-the-shadow-of-lightning-by-brian-mcclellan\/\">In the Shadow of Lightning<\/a><\/em><\/strong>, en la que he tenido el honor de participar como <em>beta reader<\/em>.<\/p>\n\n\n\n<p>El libro se publicar\u00e1 el 21 de junio de 2022, de la mano de Tor.<\/p>\n\n\n\n<p>Esta es la sinopsis:<\/p>\n\n\n\n<blockquote class=\"wp-block-quote is-layout-flow wp-block-quote-is-layout-flow\"><p>Demir Grappo is an outcast\u2014he fled a life of wealth and power, abandoning his responsibilities as a general, a governor, and a son. Now he will live out his days as a grifter, rootless, and alone. But when his mother is brutally murdered, Demir must return from exile to claim his seat at the head of the family and uncover the truth that got her killed: the very power that keeps civilization turning, godglass, is running out.<\/p><p>Now, Demir must find allies, old friends and rivals alike, confront the powerful guild-families who are only interested in making the most of the scraps left at the table and uncover the invisible hand that threatens the Empire. A war is coming, a war unlike any other. And Demir and his ragtag group of outcasts are the only thing that stands in the way of the end of life as the world knows it.<\/p><\/blockquote>\n\n\n\n<p>Mi traducci\u00f3n:<\/p>\n\n\n\n<blockquote class=\"wp-block-quote is-layout-flow wp-block-quote-is-layout-flow\"><p>Demir Grappo es un paria, huy\u00f3 de una vida de riqueza y poder, abandonando sus responsabilidades como general, gobernador e hijo. Ahora deber\u00e1 llegar al fin de sus d\u00edas como timador, alguien sin ra\u00edces y solitario. Pero cuando su madre es brutalmente asesinada, Demir deber\u00e1 volver del exilio para reclamar su puesto como cabeza de familia y descubrir la verdad que provoc\u00f3 su muerte: el poder en el que se basa su civilizaci\u00f3n, el <em>godglass<\/em>, se est\u00e1 agotando.<\/p><p>Ahora Demir deber\u00e1 encontrar aliado, sean antiguos aliados o enemigos, enfrentarse a las poderosas familias de los gremios que solo buscan los mayores beneficios y descubrir la mano invisible que amenaza al Imperio. Se acerca una guerra distinta a todas las dem\u00e1s. Y Demir y su variopinto grupo de parias son lo \u00fanico que se interpone en el camino del fin de la vida tal y como la conocen.<\/p><\/blockquote>\n\n\n\n<p>Esta es la portada, obra de Dan Burgess con dise\u00f1o de Peter Lutjen:<\/p>\n\n\n\n<figure class=\"wp-block-image size-large\"><a href=\"https:\/\/www.fantasticaficcion.com\/wp-content\/uploads\/2021\/11\/ShadowLightning.jpg\"><img loading=\"lazy\" decoding=\"async\" width=\"674\" height=\"1024\" src=\"https:\/\/www.fantasticaficcion.com\/wp-content\/uploads\/2021\/11\/ShadowLightning-674x1024.jpg\" alt=\"\" class=\"wp-image-12531\" srcset=\"https:\/\/www.fantasticaficcion.com\/wp-content\/uploads\/2021\/11\/ShadowLightning-674x1024.jpg 674w, https:\/\/www.fantasticaficcion.com\/wp-content\/uploads\/2021\/11\/ShadowLightning-197x300.jpg 197w, https:\/\/www.fantasticaficcion.com\/wp-content\/uploads\/2021\/11\/ShadowLightning.jpg 740w\" sizes=\"auto, (max-width: 674px) 100vw, 674px\" \/><\/a><\/figure>\n","protected":false},"excerpt":{"rendered":"<p>Me hace especial ilusi\u00f3n traeros la que ser\u00e1 portada de la nueva novela de Brian McClellan, In the Shadow of Lightning, en la que he tenido el honor de participar como beta reader. El libro se publicar\u00e1 el 21 de junio de 2022, de la mano de Tor. Esta es la sinopsis: Demir Grappo is &hellip; <\/p>\n<p class=\"link-more\"><a href=\"https:\/\/www.fantasticaficcion.com\/index.php\/portada-de-in-the-shadow-of-lightning\/\" class=\"more-link\">Continuar leyendo<span class=\"screen-reader-text\"> &#8220;Portada de In the Shadow of Lightning&#8221;<\/span><\/a><\/p>\n","protected":false},"author":1,"featured_media":12531,"comment_status":"open","ping_status":"open","sticky":false,"template":"","format":"standard","meta":{"jetpack_post_was_ever_published":false,"_jetpack_newsletter_access":"","_jetpack_dont_email_post_to_subs":false,"_jetpack_newsletter_tier_id":0,"_jetpack_memberships_contains_paywalled_content":false,"_jetpack_memberships_contains_paid_content":false,"footnotes":""},"categories":[830,5],"tags":[301,664,1308,190,96,1332],"class_list":["post-12530","post","type-post","status-publish","format-standard","has-post-thumbnail","hentry","category-artistas","category-fantasia","tag-brian-mcclellan","tag-fantasia","tag-fantasia-epica","tag-noticias","tag-portadas","tag-tor"],"jetpack_featured_media_url":"https:\/\/www.fantasticaficcion.com\/wp-content\/uploads\/2021\/11\/ShadowLightning.jpg","jetpack_shortlink":"https:\/\/wp.me\/p5fEpk-3g6","jetpack_sharing_enabled":true,"_links":{"self":[{"href":"https:\/\/www.fantasticaficcion.com\/index.php\/wp-json\/wp\/v2\/posts\/12530","targetHints":{"allow":["GET"]}}],"collection":[{"href":"https:\/\/www.fantasticaficcion.com\/index.php\/wp-json\/wp\/v2\/posts"}],"about":[{"href":"https:\/\/www.fantasticaficcion.com\/index.php\/wp-json\/wp\/v2\/types\/post"}],"author":[{"embeddable":true,"href":"https:\/\/www.fantasticaficcion.com\/index.php\/wp-json\/wp\/v2\/users\/1"}],"replies":[{"embeddable":true,"href":"https:\/\/www.fantasticaficcion.com\/index.php\/wp-json\/wp\/v2\/comments?post=12530"}],"version-history":[{"count":1,"href":"https:\/\/www.fantasticaficcion.com\/index.php\/wp-json\/wp\/v2\/posts\/12530\/revisions"}],"predecessor-version":[{"id":12532,"href":"https:\/\/www.fantasticaficcion.com\/index.php\/wp-json\/wp\/v2\/posts\/12530\/revisions\/12532"}],"wp:featuredmedia":[{"embeddable":true,"href":"https:\/\/www.fantasticaficcion.com\/index.php\/wp-json\/wp\/v2\/media\/12531"}],"wp:attachment":[{"href":"https:\/\/www.fantasticaficcion.com\/index.php\/wp-json\/wp\/v2\/media?parent=12530"}],"wp:term":[{"taxonomy":"category","embeddable":true,"href":"https:\/\/www.fantasticaficcion.com\/index.php\/wp-json\/wp\/v2\/categories?post=12530"},{"taxonomy":"post_tag","embeddable":true,"href":"https:\/\/www.fantasticaficcion.com\/index.php\/wp-json\/wp\/v2\/tags?post=12530"}],"curies":[{"name":"wp","href":"https:\/\/api.w.org\/{rel}","templated":true}]}}