{"id":12505,"date":"2021-12-03T05:30:00","date_gmt":"2021-12-03T05:30:00","guid":{"rendered":"http:\/\/www.fantasticaficcion.com\/?p=12505"},"modified":"2021-11-19T07:19:07","modified_gmt":"2021-11-19T07:19:07","slug":"erewhon-publicara-the-sleepless","status":"publish","type":"post","link":"https:\/\/www.fantasticaficcion.com\/index.php\/erewhon-publicara-the-sleepless\/","title":{"rendered":"Erewhon publicar\u00e1 The Sleepless"},"content":{"rendered":"\n<p>La joven editorial Erewhon publicar\u00e1 en junio de 2022 <strong><em><a href=\"https:\/\/www.tor.com\/2021\/11\/18\/book-announcements-the-sleepless-by-victor-manibo\/\">The Sleepless<\/a><\/em><\/strong> de V\u00edctor Manibo, una novela de ciencia ficci\u00f3n situada en NY en un futuro cercano.<\/p>\n\n\n\n<p>Esta es la sinopsis:<\/p>\n\n\n\n<blockquote class=\"wp-block-quote is-layout-flow wp-block-quote-is-layout-flow\"><p><strong>In a near-future New York City where a minority of the population has lost the need for sleep, a journalist fights to uncover the truth behind his boss\u2019s murder on the eve of a sinister corporate takeover\u2014while his own Sleeplessness spirals out of control.<\/strong><\/p><p>A mysterious pandemic causes a quarter of the world to permanently lose the ability to sleep\u2014without any apparent health implications. The outbreak creates a new class of people who are both feared and ostracized, most of whom optimize their extra hours to earn more money.<\/p><p>Jamie Vega, a journalist at C+P Media, is one of the Sleepless. When his boss dies in a suicidal overdose, Jamie doesn\u2019t buy this too-convenient explanation\u2014especially given its suspicious timing during a controversial merger\u2014and investigates. But everything goes awry when Jamie discovers that he was the last person who saw Simon alive, and realizes that he has no memory of that night. Not only do the police suspect him, Jamie can\u2019t account for the lost time, and the memory loss may have to do with how he became Sleepless: not naturally, but by biohacking his body through a risky and illegal process.<\/p><p>As Jamie delves deeper into Simon\u2019s final days, he tangles with extremist organizations and powerful corporate interests, and must confront past traumas and the unforeseen consequences of biohacking himself. But he soon faces the most dangerous decision of all, as he uncovers a terrifying truth about Sleeplessness that imperils him\u2014and all of humanity.<\/p><\/blockquote>\n\n\n\n<p>Mi traducci\u00f3n:<\/p>\n\n\n\n<blockquote class=\"wp-block-quote is-layout-flow wp-block-quote-is-layout-flow\"><p><strong>En un futuro cercano en la ciudad de NY donde una minor\u00eda de la poblaci\u00f3n ha perdido la necesidad de dormir, un periodista lucha por descubrir la verdad tras el asesinato de su jefe durante una adquisici\u00f3n corporativa bastante siniestra, mientras su propia Falta de Sue\u00f1o entra en una espiral fuera de control.<\/strong><\/p><p>Una misteriosa pandemia causa que la cuarta parte de la poblaci\u00f3n mundial pierda la capacidad de dormir, sin problemas de salud a\u00f1adidos aparentemente. La enfermedad provoca la creaci\u00f3n de una nueva clase social, temida y estigmatizada, la mayor\u00eda de los cuales aprovechan sus horas extra para ganar dinero.<\/p><p>Jamie Vega, periodista en  <span style=\"font-size: revert;\">C+P Media<\/span>, es uno de los Faltos de Sue\u00f1o. Cuando su jefe se suicida por sobredosis, Jamie no se cree esta explicaci\u00f3n, sobre todo cuando el suicidio tiene lugar justo en medio de una controvertida fusi\u00f3n empresarial y decide investigar. Pero todo comienza a complicarse cuando descubre que \u00e9l fue la \u00faltima persona en verle vivo y que no tiene recuerdo de esa noche. No solo la polic\u00eda sospecha de \u00e9l, Jamie es incapaz de saber qu\u00e9 pas\u00f3 en ese lapso de tiempo y la p\u00e9rdida de memoria puede tener que ver con su conversi\u00f3n en Falto de Sue\u00f1o. No lo hizo de forma natural, si no que fue a trav\u00e9s del biohackeo mediante un proceso muy peligroso e ilegal.<\/p><p>Mientras Jamie se adentra en los \u00faltimos d\u00edas de vida Simon, se entremezcla con organizaciones extremistas e intereses corporativos, y deber\u00e1 enfrentarse a los traumas de su pasado y las consecuencias de sus actos. Pero pronto se encontrar\u00e1 ante la decisi\u00f3n m\u00e1s complicada, cuando descubra una terrible verdad sobre los Faltos de Sue\u00f1o, algo que le pondr\u00e1 en peligro a \u00e9l y al resto de la humanidad.<\/p><\/blockquote>\n","protected":false},"excerpt":{"rendered":"<p>La joven editorial Erewhon publicar\u00e1 en junio de 2022 The Sleepless de V\u00edctor Manibo, una novela de ciencia ficci\u00f3n situada en NY en un futuro cercano. Esta es la sinopsis: In a near-future New York City where a minority of the population has lost the need for sleep, a journalist fights to uncover the truth &hellip; <\/p>\n<p class=\"link-more\"><a href=\"https:\/\/www.fantasticaficcion.com\/index.php\/erewhon-publicara-the-sleepless\/\" class=\"more-link\">Continuar leyendo<span class=\"screen-reader-text\"> &#8220;Erewhon publicar\u00e1 The Sleepless&#8221;<\/span><\/a><\/p>\n","protected":false},"author":1,"featured_media":0,"comment_status":"open","ping_status":"open","sticky":false,"template":"","format":"standard","meta":{"jetpack_post_was_ever_published":false,"_jetpack_newsletter_access":"","_jetpack_dont_email_post_to_subs":false,"_jetpack_newsletter_tier_id":0,"_jetpack_memberships_contains_paywalled_content":false,"_jetpack_memberships_contains_paid_content":false,"footnotes":""},"categories":[10],"tags":[1331,190,882,1430],"class_list":["post-12505","post","type-post","status-publish","format-standard","hentry","category-ciencia-ficcion-2","tag-erewhon","tag-noticias","tag-sinopsis-literaria-2","tag-victor-manibo"],"jetpack_featured_media_url":"","jetpack_shortlink":"https:\/\/wp.me\/p5fEpk-3fH","jetpack_sharing_enabled":true,"_links":{"self":[{"href":"https:\/\/www.fantasticaficcion.com\/index.php\/wp-json\/wp\/v2\/posts\/12505","targetHints":{"allow":["GET"]}}],"collection":[{"href":"https:\/\/www.fantasticaficcion.com\/index.php\/wp-json\/wp\/v2\/posts"}],"about":[{"href":"https:\/\/www.fantasticaficcion.com\/index.php\/wp-json\/wp\/v2\/types\/post"}],"author":[{"embeddable":true,"href":"https:\/\/www.fantasticaficcion.com\/index.php\/wp-json\/wp\/v2\/users\/1"}],"replies":[{"embeddable":true,"href":"https:\/\/www.fantasticaficcion.com\/index.php\/wp-json\/wp\/v2\/comments?post=12505"}],"version-history":[{"count":1,"href":"https:\/\/www.fantasticaficcion.com\/index.php\/wp-json\/wp\/v2\/posts\/12505\/revisions"}],"predecessor-version":[{"id":12506,"href":"https:\/\/www.fantasticaficcion.com\/index.php\/wp-json\/wp\/v2\/posts\/12505\/revisions\/12506"}],"wp:attachment":[{"href":"https:\/\/www.fantasticaficcion.com\/index.php\/wp-json\/wp\/v2\/media?parent=12505"}],"wp:term":[{"taxonomy":"category","embeddable":true,"href":"https:\/\/www.fantasticaficcion.com\/index.php\/wp-json\/wp\/v2\/categories?post=12505"},{"taxonomy":"post_tag","embeddable":true,"href":"https:\/\/www.fantasticaficcion.com\/index.php\/wp-json\/wp\/v2\/tags?post=12505"}],"curies":[{"name":"wp","href":"https:\/\/api.w.org\/{rel}","templated":true}]}}