{"id":12487,"date":"2021-12-02T05:30:00","date_gmt":"2021-12-02T05:30:00","guid":{"rendered":"http:\/\/www.fantasticaficcion.com\/?p=12487"},"modified":"2021-11-12T07:25:57","modified_gmt":"2021-11-12T07:25:57","slug":"son-of-the-storm","status":"publish","type":"post","link":"https:\/\/www.fantasticaficcion.com\/index.php\/son-of-the-storm\/","title":{"rendered":"Son of the Storm"},"content":{"rendered":"\n<p>Creo firmemente que es necesaria la renovaci\u00f3n del g\u00e9nero fant\u00e1stico para dar cabida a nuevas historias desde perspectivas que antes no ten\u00edan apenas representaci\u00f3n. Es normal por tanto que me llamara la atenci\u00f3n <strong><em>Son of the Storm<\/em><\/strong>, de Suyi Davies Okungbowa, a quien ya conoc\u00eda por<a href=\"https:\/\/www.fantasticaficcion.com\/index.php\/david-mogo-godhunter\/\" data-type=\"post\" data-id=\"9705\"> una obra anterior<\/a>. Sin embargo, no me he encontrado una novela rompedora si no algo m\u00e1s convencional, con ciertos detalles ex\u00f3ticos pero que no termina de cuajar como obra completa.<\/p>\n\n\n\n<div class=\"wp-block-image\"><figure class=\"alignright size-full is-resized\"><a href=\"https:\/\/www.fantasticaficcion.com\/wp-content\/uploads\/2020\/10\/sonofthestorm.jpg\"><img loading=\"lazy\" decoding=\"async\" src=\"https:\/\/www.fantasticaficcion.com\/wp-content\/uploads\/2020\/10\/sonofthestorm.jpg\" alt=\"\" class=\"wp-image-11287\" width=\"352\" height=\"543\" srcset=\"https:\/\/www.fantasticaficcion.com\/wp-content\/uploads\/2020\/10\/sonofthestorm.jpg 503w, https:\/\/www.fantasticaficcion.com\/wp-content\/uploads\/2020\/10\/sonofthestorm-195x300.jpg 195w\" sizes=\"auto, (max-width: 352px) 100vw, 352px\" \/><\/a><\/figure><\/div>\n\n\n\n<p>El relato se desarrolla en un mundo alternativo, basado en el continente africano pero con sus caracter\u00edsticas propias. El mundo que expone el autor le sirve como herramienta para exponer sus ideas sobre colonialismo, racismo e incluso ecologismo. El centro de la &#8220;civilizaci\u00f3n&#8221; es Bassa una ciudad con un estricto sistema de castas y una gran riqueza que en cierto modo explota los recursos naturales de la periferia. El sistema de castas est\u00e1 cimentado en el color de la piel de las personas, siendo m\u00e1s &#8220;puras&#8221; aquellas que la tienen m\u00e1s oscura, mientras que el \u00faltimo escal\u00f3n ser\u00edan los casi m\u00edticos <em>yellow skins<\/em> (albinos) de los que hace mucho que no se tiene noticia.<\/p>\n\n\n\n<p>Los personajes sobre los que recae el peso de la historia no consiguen despertar el inter\u00e9s del lector, no solo porque son egoc\u00e9ntricos y parecen ni\u00f1os malcriados, si no porque sus acciones realmente parecen escogidas al azar, no acorde a lo que conocemos de ellos. El sistema m\u00e1gico permanece oculto durante gran parte de la novela y solo se va descubriendo a golpe de casualidad. Esta ocultaci\u00f3n viene apoyada en gran parte por los aires de superioridad de los criados en Bassa, eso s\u00ed que est\u00e1 muy bien representado as\u00ed como el desprecio por lo extranjero. Pero es que cuando llega la hora de conocer c\u00f3mo funciona o la intrahistoria de los personajes y su cultura, nos encontramos con unos <em>infodumps<\/em> que cada cap\u00edtulo parece el vertedero del pueblo, donde cada uno viene a soltar lo suyo e irse.<\/p>\n\n\n\n<p>Por otra parte, la historia del viaje que han de emprender dos de los tres protagonistas principales, perseguidos por el otro, es t\u00f3pica y en algunos momentos aburrida. Tambi\u00e9n me gustar\u00eda resaltar que la lealtad de muchos de los habitantes de Bassa o de otras zonas es flexible como un junco y se dejan llevar por el viento que m\u00e1s fuerte sopla, dando lugar a situaciones que son casi c\u00f3micas por lo rid\u00edculas que resultan. <\/p>\n\n\n\n<p>Por m\u00e1s que la portada sea maravillosa, no puedo recomendar este libro.<\/p>\n","protected":false},"excerpt":{"rendered":"<p>Creo firmemente que es necesaria la renovaci\u00f3n del g\u00e9nero fant\u00e1stico para dar cabida a nuevas historias desde perspectivas que antes no ten\u00edan apenas representaci\u00f3n. Es normal por tanto que me llamara la atenci\u00f3n Son of the Storm, de Suyi Davies Okungbowa, a quien ya conoc\u00eda por una obra anterior. Sin embargo, no me he encontrado &hellip; <\/p>\n<p class=\"link-more\"><a href=\"https:\/\/www.fantasticaficcion.com\/index.php\/son-of-the-storm\/\" class=\"more-link\">Continuar leyendo<span class=\"screen-reader-text\"> &#8220;Son of the Storm&#8221;<\/span><\/a><\/p>\n","protected":false},"author":1,"featured_media":11287,"comment_status":"open","ping_status":"open","sticky":false,"template":"","format":"standard","meta":{"jetpack_post_was_ever_published":false,"_jetpack_newsletter_access":"","_jetpack_dont_email_post_to_subs":false,"_jetpack_newsletter_tier_id":0,"_jetpack_memberships_contains_paywalled_content":false,"_jetpack_memberships_contains_paid_content":false,"footnotes":""},"categories":[5],"tags":[664,1339,8,1123],"class_list":["post-12487","post","type-post","status-publish","format-standard","has-post-thumbnail","hentry","category-fantasia","tag-fantasia","tag-orbit","tag-resenas","tag-suyi-d-okungbowa"],"jetpack_featured_media_url":"https:\/\/www.fantasticaficcion.com\/wp-content\/uploads\/2020\/10\/sonofthestorm.jpg","jetpack_shortlink":"https:\/\/wp.me\/p5fEpk-3fp","jetpack_sharing_enabled":true,"_links":{"self":[{"href":"https:\/\/www.fantasticaficcion.com\/index.php\/wp-json\/wp\/v2\/posts\/12487","targetHints":{"allow":["GET"]}}],"collection":[{"href":"https:\/\/www.fantasticaficcion.com\/index.php\/wp-json\/wp\/v2\/posts"}],"about":[{"href":"https:\/\/www.fantasticaficcion.com\/index.php\/wp-json\/wp\/v2\/types\/post"}],"author":[{"embeddable":true,"href":"https:\/\/www.fantasticaficcion.com\/index.php\/wp-json\/wp\/v2\/users\/1"}],"replies":[{"embeddable":true,"href":"https:\/\/www.fantasticaficcion.com\/index.php\/wp-json\/wp\/v2\/comments?post=12487"}],"version-history":[{"count":3,"href":"https:\/\/www.fantasticaficcion.com\/index.php\/wp-json\/wp\/v2\/posts\/12487\/revisions"}],"predecessor-version":[{"id":12490,"href":"https:\/\/www.fantasticaficcion.com\/index.php\/wp-json\/wp\/v2\/posts\/12487\/revisions\/12490"}],"wp:featuredmedia":[{"embeddable":true,"href":"https:\/\/www.fantasticaficcion.com\/index.php\/wp-json\/wp\/v2\/media\/11287"}],"wp:attachment":[{"href":"https:\/\/www.fantasticaficcion.com\/index.php\/wp-json\/wp\/v2\/media?parent=12487"}],"wp:term":[{"taxonomy":"category","embeddable":true,"href":"https:\/\/www.fantasticaficcion.com\/index.php\/wp-json\/wp\/v2\/categories?post=12487"},{"taxonomy":"post_tag","embeddable":true,"href":"https:\/\/www.fantasticaficcion.com\/index.php\/wp-json\/wp\/v2\/tags?post=12487"}],"curies":[{"name":"wp","href":"https:\/\/api.w.org\/{rel}","templated":true}]}}