{"id":12484,"date":"2021-11-24T05:30:00","date_gmt":"2021-11-24T05:30:00","guid":{"rendered":"http:\/\/www.fantasticaficcion.com\/?p=12484"},"modified":"2021-11-11T07:43:46","modified_gmt":"2021-11-11T07:43:46","slug":"portada-de-eyes-of-the-void","status":"publish","type":"post","link":"https:\/\/www.fantasticaficcion.com\/index.php\/portada-de-eyes-of-the-void\/","title":{"rendered":"Portada de Eyes of the Void"},"content":{"rendered":"\n<p>\u00a1Que paren las m\u00e1quinas! Ya tenemos fecha de publicaci\u00f3n para <strong><em><a href=\"https:\/\/www.tor.com\/2021\/11\/08\/cover-reveals-eyes-of-the-void-by-adrian-tchaikovsky\/\">Eyes of the Void<\/a><\/em><\/strong>, la esperad\u00edsima continuaci\u00f3n de <strong><em><a href=\"https:\/\/www.fantasticaficcion.com\/index.php\/shards-of-earth\/\" data-type=\"post\" data-id=\"11945\">Shards of Earth<\/a><\/em><\/strong>. La novela se podr\u00e1 adquirir el 28 de abril de 2022. Adem\u00e1s, tambi\u00e9n tenemos la sinopsis y la portada (\u00a1triple combo!).<\/p>\n\n\n\n<p>Esta es la sinopsis:<\/p>\n\n\n\n<blockquote class=\"wp-block-quote is-layout-flow wp-block-quote-is-layout-flow\"><p>After eighty years of fragile peace, the Architects are back, wreaking havoc as they consume entire planets. In the past, Originator artefacts\u2014vestiges of a long-vanished civilization\u2014could save a world from annihilation. Yet the Architects have discovered a way to circumvent these protective relics. Suddenly, no planet is safe.<\/p><p>Facing impending extinction, the Human Colonies are in turmoil. While some believe a unified front is the only way to stop the Architects, others insist humanity should fight alone. And there are those who would seek to benefit from the fractured politics of war\u2014even as the Architects loom ever closer.<\/p><p>Idris, who has spent decades running from the horrors of his past, finds himself thrust back onto the battlefront. As an Intermediary, he could be one of the few to turn the tide of war. With a handful of allies, he searches for a weapon that could push back the Architects and save the galaxy. But to do so, he must return to the nightmarish unspace, where his mind was broken and remade.<\/p><p>What Idris discovers there will change everything.<\/p><\/blockquote>\n\n\n\n<p>Mi traducci\u00f3n:<\/p>\n\n\n\n<blockquote class=\"wp-block-quote is-layout-flow wp-block-quote-is-layout-flow\"><p>Tras ochenta a\u00f1os de una paz fr\u00e1gil, los Arquitectos han vuelto, causando el caos conforme van devorando planetas. En el pasado, los artefactos de los Originator, vestigios de una civilizaci\u00f3n perdida, pod\u00edan salvar a un mundo de la aniquilaci\u00f3n. Pero los Arquitectos han encontrado una manera de esquivar esta protecci\u00f3n. Nadie est\u00e1 a salvo.<\/p><p>Enfrent\u00e1ndose a la extinci\u00f3n, las colonias humanas no se ponen de acuerdo. Mientras algunas creen que un frente \u00fanico es la forma de parar a los Arquitectos, otras insisten en que la humanidad debe luchar sola. Y siempre hay oportunistas que se quieren beneficiar de los problemas, incluso cuando los Arquitectos est\u00e1n cada vez m\u00e1s cerca.<\/p><p>Idris, que ha pasado d\u00e9cadas huyendo de los horrores de su pasado, se encuentra de nuevo en primera l\u00ednea de batalla. Como Intermediario, puede ser uno de los pocos que haga algo para frenar la guerra. Con un pu\u00f1ado de aliados, buscar\u00e1 el arma que pueda hacer retroceder a los Arquitectos y salvar la galaxia. Pero para ello deber\u00e1 volver al terror\u00edfico unspace, donde su mente se rompi\u00f3 y se rehizo.<\/p><p>Lo que Idris descubra cambiar\u00e1 todo.<\/p><\/blockquote>\n\n\n\n<p>La portada, dise\u00f1ada por Neil Lang:<\/p>\n\n\n\n<figure class=\"wp-block-image size-large\"><a href=\"https:\/\/www.fantasticaficcion.com\/wp-content\/uploads\/2021\/11\/eyesofthevoid.jpg\"><img loading=\"lazy\" decoding=\"async\" width=\"666\" height=\"1024\" src=\"https:\/\/www.fantasticaficcion.com\/wp-content\/uploads\/2021\/11\/eyesofthevoid-666x1024.jpg\" alt=\"\" class=\"wp-image-12485\" srcset=\"https:\/\/www.fantasticaficcion.com\/wp-content\/uploads\/2021\/11\/eyesofthevoid-666x1024.jpg 666w, https:\/\/www.fantasticaficcion.com\/wp-content\/uploads\/2021\/11\/eyesofthevoid-195x300.jpg 195w, https:\/\/www.fantasticaficcion.com\/wp-content\/uploads\/2021\/11\/eyesofthevoid.jpg 740w\" sizes=\"auto, (max-width: 666px) 100vw, 666px\" \/><\/a><\/figure>\n","protected":false},"excerpt":{"rendered":"<p>\u00a1Que paren las m\u00e1quinas! Ya tenemos fecha de publicaci\u00f3n para Eyes of the Void, la esperad\u00edsima continuaci\u00f3n de Shards of Earth. La novela se podr\u00e1 adquirir el 28 de abril de 2022. Adem\u00e1s, tambi\u00e9n tenemos la sinopsis y la portada (\u00a1triple combo!). Esta es la sinopsis: After eighty years of fragile peace, the Architects are &hellip; <\/p>\n<p class=\"link-more\"><a href=\"https:\/\/www.fantasticaficcion.com\/index.php\/portada-de-eyes-of-the-void\/\" class=\"more-link\">Continuar leyendo<span class=\"screen-reader-text\"> &#8220;Portada de Eyes of the Void&#8221;<\/span><\/a><\/p>\n","protected":false},"author":1,"featured_media":12485,"comment_status":"open","ping_status":"open","sticky":false,"template":"","format":"standard","meta":{"jetpack_post_was_ever_published":false,"_jetpack_newsletter_access":"","_jetpack_dont_email_post_to_subs":false,"_jetpack_newsletter_tier_id":0,"_jetpack_memberships_contains_paywalled_content":false,"_jetpack_memberships_contains_paid_content":false,"footnotes":""},"categories":[830,10],"tags":[370,190,96,1332],"class_list":["post-12484","post","type-post","status-publish","format-standard","has-post-thumbnail","hentry","category-artistas","category-ciencia-ficcion-2","tag-adrian-tchaikovsky","tag-noticias","tag-portadas","tag-tor"],"jetpack_featured_media_url":"https:\/\/www.fantasticaficcion.com\/wp-content\/uploads\/2021\/11\/eyesofthevoid.jpg","jetpack_shortlink":"https:\/\/wp.me\/p5fEpk-3fm","jetpack_sharing_enabled":true,"_links":{"self":[{"href":"https:\/\/www.fantasticaficcion.com\/index.php\/wp-json\/wp\/v2\/posts\/12484","targetHints":{"allow":["GET"]}}],"collection":[{"href":"https:\/\/www.fantasticaficcion.com\/index.php\/wp-json\/wp\/v2\/posts"}],"about":[{"href":"https:\/\/www.fantasticaficcion.com\/index.php\/wp-json\/wp\/v2\/types\/post"}],"author":[{"embeddable":true,"href":"https:\/\/www.fantasticaficcion.com\/index.php\/wp-json\/wp\/v2\/users\/1"}],"replies":[{"embeddable":true,"href":"https:\/\/www.fantasticaficcion.com\/index.php\/wp-json\/wp\/v2\/comments?post=12484"}],"version-history":[{"count":1,"href":"https:\/\/www.fantasticaficcion.com\/index.php\/wp-json\/wp\/v2\/posts\/12484\/revisions"}],"predecessor-version":[{"id":12486,"href":"https:\/\/www.fantasticaficcion.com\/index.php\/wp-json\/wp\/v2\/posts\/12484\/revisions\/12486"}],"wp:featuredmedia":[{"embeddable":true,"href":"https:\/\/www.fantasticaficcion.com\/index.php\/wp-json\/wp\/v2\/media\/12485"}],"wp:attachment":[{"href":"https:\/\/www.fantasticaficcion.com\/index.php\/wp-json\/wp\/v2\/media?parent=12484"}],"wp:term":[{"taxonomy":"category","embeddable":true,"href":"https:\/\/www.fantasticaficcion.com\/index.php\/wp-json\/wp\/v2\/categories?post=12484"},{"taxonomy":"post_tag","embeddable":true,"href":"https:\/\/www.fantasticaficcion.com\/index.php\/wp-json\/wp\/v2\/tags?post=12484"}],"curies":[{"name":"wp","href":"https:\/\/api.w.org\/{rel}","templated":true}]}}