{"id":12432,"date":"2021-11-09T05:30:00","date_gmt":"2021-11-09T05:30:00","guid":{"rendered":"http:\/\/www.fantasticaficcion.com\/?p=12432"},"modified":"2021-10-22T11:10:07","modified_gmt":"2021-10-22T11:10:07","slug":"tor-publicara-rise-of-the-mages-de-scott-drakeford","status":"publish","type":"post","link":"https:\/\/www.fantasticaficcion.com\/index.php\/tor-publicara-rise-of-the-mages-de-scott-drakeford\/","title":{"rendered":"Tor publicar\u00e1 Rise of the Mages de Scott Drakeford"},"content":{"rendered":"\n<p>El 25 de enero del a\u00f1o que viene Tor publicar\u00e1 <strong><em><a href=\"https:\/\/us.macmillan.com\/books\/9781250820150\/rise-of-the-mages\">Rise of the Mages<\/a><\/em><\/strong> de Scott Drakeford, la primera entrega de una nueva trilog\u00eda de fantas\u00eda \u00e9pica.<\/p>\n\n\n\n<p>Esta es la sinopsis:<\/p>\n\n\n\n<blockquote class=\"wp-block-quote is-layout-flow wp-block-quote-is-layout-flow\"><p>Emrael Ire wants nothing more than to test to be a weapons master. His final exam will be a bloody insurrection, staged by corrupt nobles and priests, that enslaves his brother.<\/p><p>With the aid of his War Master tutor, herself an undercover mage, Emrael discovers his own latent and powerful talents.<\/p><p>To rescue his brother, Emrael must embrace not only his abilities as a warrior but also his place as last of the ancient Mage Kings\u2014for the Fallen God has returned.<\/p><p>And he is hungry.<\/p><\/blockquote>\n\n\n\n<p>Mi traducci\u00f3n:<\/p>\n\n\n\n<blockquote class=\"wp-block-quote is-layout-flow wp-block-quote-is-layout-flow\"><p>El \u00fanico deseo de Emrael Ire es demostrar que es una maestro de las armas. Su examen final ser\u00e1 un sangrienta insurrecci\u00f3n, orquestada por nobles corruptos y prelados, que esclaviza a su hermano.<\/p><p>Con la ayuda de su tutora Maestra de Guerra, una maga encubierta, Emrael descubrir\u00e1 sus poderes latentes.<\/p><p>Para rescatar a su hermano, Emrael deber\u00e1 usar sus habilidades como guerrero pero tambi\u00e9n su lugar como el \u00faltimo de los antiguos Reyes Magos, porque el Dios Ca\u00eddo ha vuelto.<\/p><p>Y tiene hambre.<\/p><\/blockquote>\n\n\n\n<p>Esta es la portada:<\/p>\n\n\n\n<figure class=\"wp-block-image size-large\"><a href=\"https:\/\/www.fantasticaficcion.com\/wp-content\/uploads\/2021\/10\/riseofthemages.jpg\"><img loading=\"lazy\" decoding=\"async\" width=\"663\" height=\"1024\" src=\"https:\/\/www.fantasticaficcion.com\/wp-content\/uploads\/2021\/10\/riseofthemages-663x1024.jpg\" alt=\"\" class=\"wp-image-12433\" srcset=\"https:\/\/www.fantasticaficcion.com\/wp-content\/uploads\/2021\/10\/riseofthemages-663x1024.jpg 663w, https:\/\/www.fantasticaficcion.com\/wp-content\/uploads\/2021\/10\/riseofthemages-194x300.jpg 194w, https:\/\/www.fantasticaficcion.com\/wp-content\/uploads\/2021\/10\/riseofthemages-768x1187.jpg 768w, https:\/\/www.fantasticaficcion.com\/wp-content\/uploads\/2021\/10\/riseofthemages.jpg 900w\" sizes=\"auto, (max-width: 663px) 100vw, 663px\" \/><\/a><\/figure>\n","protected":false},"excerpt":{"rendered":"<p>El 25 de enero del a\u00f1o que viene Tor publicar\u00e1 Rise of the Mages de Scott Drakeford, la primera entrega de una nueva trilog\u00eda de fantas\u00eda \u00e9pica. Esta es la sinopsis: Emrael Ire wants nothing more than to test to be a weapons master. His final exam will be a bloody insurrection, staged by corrupt &hellip; <\/p>\n<p class=\"link-more\"><a href=\"https:\/\/www.fantasticaficcion.com\/index.php\/tor-publicara-rise-of-the-mages-de-scott-drakeford\/\" class=\"more-link\">Continuar leyendo<span class=\"screen-reader-text\"> &#8220;Tor publicar\u00e1 Rise of the Mages de Scott Drakeford&#8221;<\/span><\/a><\/p>\n","protected":false},"author":1,"featured_media":12433,"comment_status":"open","ping_status":"open","sticky":false,"template":"","format":"standard","meta":{"jetpack_post_was_ever_published":false,"_jetpack_newsletter_access":"","_jetpack_dont_email_post_to_subs":false,"_jetpack_newsletter_tier_id":0,"_jetpack_memberships_contains_paywalled_content":false,"_jetpack_memberships_contains_paid_content":false,"footnotes":""},"categories":[830,5],"tags":[190,96,1418,1332],"class_list":["post-12432","post","type-post","status-publish","format-standard","has-post-thumbnail","hentry","category-artistas","category-fantasia","tag-noticias","tag-portadas","tag-scott-drakeford","tag-tor"],"jetpack_featured_media_url":"https:\/\/www.fantasticaficcion.com\/wp-content\/uploads\/2021\/10\/riseofthemages.jpg","jetpack_shortlink":"https:\/\/wp.me\/p5fEpk-3ew","jetpack_sharing_enabled":true,"_links":{"self":[{"href":"https:\/\/www.fantasticaficcion.com\/index.php\/wp-json\/wp\/v2\/posts\/12432","targetHints":{"allow":["GET"]}}],"collection":[{"href":"https:\/\/www.fantasticaficcion.com\/index.php\/wp-json\/wp\/v2\/posts"}],"about":[{"href":"https:\/\/www.fantasticaficcion.com\/index.php\/wp-json\/wp\/v2\/types\/post"}],"author":[{"embeddable":true,"href":"https:\/\/www.fantasticaficcion.com\/index.php\/wp-json\/wp\/v2\/users\/1"}],"replies":[{"embeddable":true,"href":"https:\/\/www.fantasticaficcion.com\/index.php\/wp-json\/wp\/v2\/comments?post=12432"}],"version-history":[{"count":1,"href":"https:\/\/www.fantasticaficcion.com\/index.php\/wp-json\/wp\/v2\/posts\/12432\/revisions"}],"predecessor-version":[{"id":12434,"href":"https:\/\/www.fantasticaficcion.com\/index.php\/wp-json\/wp\/v2\/posts\/12432\/revisions\/12434"}],"wp:featuredmedia":[{"embeddable":true,"href":"https:\/\/www.fantasticaficcion.com\/index.php\/wp-json\/wp\/v2\/media\/12433"}],"wp:attachment":[{"href":"https:\/\/www.fantasticaficcion.com\/index.php\/wp-json\/wp\/v2\/media?parent=12432"}],"wp:term":[{"taxonomy":"category","embeddable":true,"href":"https:\/\/www.fantasticaficcion.com\/index.php\/wp-json\/wp\/v2\/categories?post=12432"},{"taxonomy":"post_tag","embeddable":true,"href":"https:\/\/www.fantasticaficcion.com\/index.php\/wp-json\/wp\/v2\/tags?post=12432"}],"curies":[{"name":"wp","href":"https:\/\/api.w.org\/{rel}","templated":true}]}}