{"id":12407,"date":"2021-10-22T05:30:00","date_gmt":"2021-10-22T05:30:00","guid":{"rendered":"http:\/\/www.fantasticaficcion.com\/?p=12407"},"modified":"2021-10-26T07:00:26","modified_gmt":"2021-10-26T07:00:26","slug":"the-actual-star","status":"publish","type":"post","link":"https:\/\/www.fantasticaficcion.com\/index.php\/the-actual-star\/","title":{"rendered":"The Actual Star"},"content":{"rendered":"\n<p>Creo sinceramente que <strong><em>The Actual Star<\/em><\/strong> puede ser uno de los lanzamientos del a\u00f1o. Monica Byrne nos relata una saga multigeneracional en un solo libro con una estructura que parece enga\u00f1osamente simple pero que luego se descubre como algo m\u00e1s intrincado y complejo de lo que pens\u00e1bamos.<\/p>\n\n\n\n<div class=\"wp-block-image\"><figure class=\"alignright size-full\"><a href=\"https:\/\/www.fantasticaficcion.com\/wp-content\/uploads\/2021\/10\/theactualstar.jpg\"><img loading=\"lazy\" decoding=\"async\" width=\"267\" height=\"400\" src=\"https:\/\/www.fantasticaficcion.com\/wp-content\/uploads\/2021\/10\/theactualstar.jpg\" alt=\"\" class=\"wp-image-12408\" srcset=\"https:\/\/www.fantasticaficcion.com\/wp-content\/uploads\/2021\/10\/theactualstar.jpg 267w, https:\/\/www.fantasticaficcion.com\/wp-content\/uploads\/2021\/10\/theactualstar-200x300.jpg 200w\" sizes=\"auto, (max-width: 267px) 100vw, 267px\" \/><\/a><\/figure><\/div>\n\n\n\n<p>El libro presenta tres momentos separados por siglos pero que poco a poco iremos viendo que est\u00e1n relacionados. En el pasado, asistimos a la decadencia de un reino maya en lo que ser\u00eda la actual Belice. En el presente o al menos en el momento contempor\u00e1neo, seguiremos los pasos de una adolescente en 2012, en plena fiebre del fin del mundo maya. Y en el \u00faltimo punto de vista, nos iremos al futuro lejano, con una sociedad totalmente cambiada por el cambio clim\u00e1tico y que a mi entender es la parte m\u00e1s atractiva del libro, aunque el conjunto est\u00e1 bien compensado.<\/p>\n\n\n\n<p>Y es que esta historia futura aporta muchas ideas interesantes. Los humanos son modificados gen\u00e9ticamente antes de nacer para ser hermafroditas, viven de manera n\u00f3mada para aprovechar mejor los recursos que provee la Tierra tras el cambio clim\u00e1tico, aunque ayudados por una tecnolog\u00eda bastante avanzada que no se especifica pero que est\u00e1 presente en todo momento. La definici\u00f3n de una persona se basa en tres ejes: genera, manera y prefera, dando lugar a todo un mundo de posibilidades para saber c\u00f3mo dirigirte a la persona con la que est\u00e1s hablando. Que todo el idioma hablado sea con g\u00e9nero femenino es casi lo de menos.<\/p>\n\n\n\n<p>Esta forma de vida n\u00f3mada, llamada &#8220;la viaja&#8221;, est\u00e1 basada en los preceptos que sent\u00f3 uno de los personajes de la rama de 2012, En esta vertiente del libro, una adolescente viaja a Belice, la patria de su casi desconocido padre para buscar sus ra\u00edces y su propia identidad. Al visitar los restos maya de una cueva tendr\u00e1 una revelaci\u00f3n, casi un s\u00edndrome de Stendhal. Es interesante la elecci\u00f3n de una naci\u00f3n relativamente joven como es Belice para situar este punto de la novela, porque asistimos al paso a la madurez de la protagonista casi a la vez que el paso a la madurez del propio pa\u00eds.<\/p>\n\n\n\n<p>La cueva que visitan en 2012 es d\u00f3nde transcurren algunos de los hechos del otro punto de vista de la novela, con dos hermanos gemelos que son los mandatarios de un peque\u00f1o reino maya que se va hundiendo en el olvido, lejos de los momentos \u00e1lgidos de sus antepasados. En esta parte de la trama toma mayor importancia la fantas\u00eda y la magia, los sacrificios humanos y las tradiciones mayas que nos han llegado hasta ahora, o bien que nos imaginamos que fueron as\u00ed porque hay muy pocas referencias. La autora admite haber seguido la documentaci\u00f3n existente pero es cierto que tambi\u00e9n ha tenido que recurrir a la imaginaci\u00f3n.<\/p>\n\n\n\n<p>Lo mejor del libro para m\u00ed sobre todo es la parte especulativa del futuro, pero hay que reconocer que al estar enraizada en las otras l\u00edneas temporales todas tienen cierta importancia. Tambi\u00e9n os digo que el hecho de utilizar indistintamente ingl\u00e9s y espa\u00f1ol, a veces sin traducir este \u00faltimo, puede llevar a confusi\u00f3n a un lector angl\u00f3fono, pero a m\u00ed me resultaba bastante c\u00f3modo, excepto con la utilizaci\u00f3n de algunas palabras con g\u00e9nero cambiado porque sonaban raras en mis o\u00eddos.<\/p>\n\n\n\n<p>El libro tambi\u00e9n tiene algunos puntos menos brillantes. Uno de los que m\u00e1s me ha llamado la atenci\u00f3n es<s> la traducci\u00f3n de <em>the actual star <\/em>en ingl\u00e9s como la estrella actual en espa\u00f1ol, que entiendo es un <em>false friend<\/em> , y me extra\u00f1a mucho que se haya dejado pasar cuando se ha puesto tanto cuidado en otros aspectos<\/s>. Seg\u00fan una conversaci\u00f3n mantenida con la autora, cuando hace referencia a <em>the actual star <\/em>se refiera a la estrella en ese momento, as\u00ed que he sido yo la que ha malinterpretado la referencia. Hay una cierta fijaci\u00f3n con las autolesiones que pueden estar justificadas, por decir algo, en alguno de los puntos de vista por la cultura imperante, pero en los otros no me lo parece. Relacionado con lo anterior, hay cierta querencia por describir exhaustivamente algunas escenas especialmente violentas, pero no llega a resultar inquietante.<\/p>\n\n\n\n<p>Por cierto, el libro lo he escuchado y es estupendo el trabajo de los varios narradores, Carolina Hoyos, Kareem Ferguson y Gisela Chipe, cada uno encargado como es l\u00f3gico de un punto de vista. La edici\u00f3n f\u00edsica del libro trae mapas y glosarios de los que no he podido disfrutar, pero no por ello se ha visto entorpecida la lectura. <\/p>\n\n\n\n<p>Espero ansiosa que pod\u00e1is leer esta obra para comentarla con vosotros.<\/p>\n","protected":false},"excerpt":{"rendered":"<p>Creo sinceramente que The Actual Star puede ser uno de los lanzamientos del a\u00f1o. Monica Byrne nos relata una saga multigeneracional en un solo libro con una estructura que parece enga\u00f1osamente simple pero que luego se descubre como algo m\u00e1s intrincado y complejo de lo que pens\u00e1bamos. El libro presenta tres momentos separados por siglos &hellip; <\/p>\n<p class=\"link-more\"><a href=\"https:\/\/www.fantasticaficcion.com\/index.php\/the-actual-star\/\" class=\"more-link\">Continuar leyendo<span class=\"screen-reader-text\"> &#8220;The Actual Star&#8221;<\/span><\/a><\/p>\n","protected":false},"author":1,"featured_media":12408,"comment_status":"open","ping_status":"open","sticky":false,"template":"","format":"standard","meta":{"jetpack_post_was_ever_published":false,"_jetpack_newsletter_access":"","_jetpack_dont_email_post_to_subs":false,"_jetpack_newsletter_tier_id":0,"_jetpack_memberships_contains_paywalled_content":false,"_jetpack_memberships_contains_paid_content":false,"footnotes":""},"categories":[10],"tags":[212,4,664,9,589,8],"class_list":["post-12407","post","type-post","status-publish","format-standard","has-post-thumbnail","hentry","category-ciencia-ficcion-2","tag-audiolibros","tag-ciencia-ficcion","tag-fantasia","tag-libros-en-ingles","tag-monica-byrne","tag-resenas"],"jetpack_featured_media_url":"https:\/\/www.fantasticaficcion.com\/wp-content\/uploads\/2021\/10\/theactualstar.jpg","jetpack_shortlink":"https:\/\/wp.me\/p5fEpk-3e7","jetpack_sharing_enabled":true,"_links":{"self":[{"href":"https:\/\/www.fantasticaficcion.com\/index.php\/wp-json\/wp\/v2\/posts\/12407","targetHints":{"allow":["GET"]}}],"collection":[{"href":"https:\/\/www.fantasticaficcion.com\/index.php\/wp-json\/wp\/v2\/posts"}],"about":[{"href":"https:\/\/www.fantasticaficcion.com\/index.php\/wp-json\/wp\/v2\/types\/post"}],"author":[{"embeddable":true,"href":"https:\/\/www.fantasticaficcion.com\/index.php\/wp-json\/wp\/v2\/users\/1"}],"replies":[{"embeddable":true,"href":"https:\/\/www.fantasticaficcion.com\/index.php\/wp-json\/wp\/v2\/comments?post=12407"}],"version-history":[{"count":5,"href":"https:\/\/www.fantasticaficcion.com\/index.php\/wp-json\/wp\/v2\/posts\/12407\/revisions"}],"predecessor-version":[{"id":12438,"href":"https:\/\/www.fantasticaficcion.com\/index.php\/wp-json\/wp\/v2\/posts\/12407\/revisions\/12438"}],"wp:featuredmedia":[{"embeddable":true,"href":"https:\/\/www.fantasticaficcion.com\/index.php\/wp-json\/wp\/v2\/media\/12408"}],"wp:attachment":[{"href":"https:\/\/www.fantasticaficcion.com\/index.php\/wp-json\/wp\/v2\/media?parent=12407"}],"wp:term":[{"taxonomy":"category","embeddable":true,"href":"https:\/\/www.fantasticaficcion.com\/index.php\/wp-json\/wp\/v2\/categories?post=12407"},{"taxonomy":"post_tag","embeddable":true,"href":"https:\/\/www.fantasticaficcion.com\/index.php\/wp-json\/wp\/v2\/tags?post=12407"}],"curies":[{"name":"wp","href":"https:\/\/api.w.org\/{rel}","templated":true}]}}