{"id":12398,"date":"2021-11-02T05:30:00","date_gmt":"2021-11-02T05:30:00","guid":{"rendered":"http:\/\/www.fantasticaficcion.com\/?p=12398"},"modified":"2021-10-11T10:42:23","modified_gmt":"2021-10-11T10:42:23","slug":"portada-de-ion-curtain","status":"publish","type":"post","link":"https:\/\/www.fantasticaficcion.com\/index.php\/portada-de-ion-curtain\/","title":{"rendered":"Portada de Ion Curtain"},"content":{"rendered":"\n<p>Ya nos hab\u00edamos hecho eco de esta <a href=\"https:\/\/www.fantasticaficcion.com\/index.php\/rebellion-publicara-the-ion-curtain\/\" data-type=\"post\" data-id=\"12016\">novedad<\/a>, as\u00ed que me alegra mucho poder traer la que ser\u00e1 portada de <strong><em>Ion Curtain<\/em><\/strong>, el t\u00edtulo de Anya Ow que <a href=\"https:\/\/rebellionpublishing.com\/revealing-the-cover-for-ion-curtain-by-anya-ow\/\">Rebellion publicar\u00e1 el 19 de julio<\/a>.<\/p>\n\n\n\n<p>La portada es de John Harris:<\/p>\n\n\n\n<figure class=\"wp-block-image size-large\"><a href=\"https:\/\/www.fantasticaficcion.com\/wp-content\/uploads\/2021\/10\/ION-CURTAIN-782x1200-1.jpg\"><img loading=\"lazy\" decoding=\"async\" width=\"667\" height=\"1024\" src=\"https:\/\/www.fantasticaficcion.com\/wp-content\/uploads\/2021\/10\/ION-CURTAIN-782x1200-1-667x1024.jpg\" alt=\"\" class=\"wp-image-12399\" srcset=\"https:\/\/www.fantasticaficcion.com\/wp-content\/uploads\/2021\/10\/ION-CURTAIN-782x1200-1-667x1024.jpg 667w, https:\/\/www.fantasticaficcion.com\/wp-content\/uploads\/2021\/10\/ION-CURTAIN-782x1200-1-196x300.jpg 196w, https:\/\/www.fantasticaficcion.com\/wp-content\/uploads\/2021\/10\/ION-CURTAIN-782x1200-1-768x1179.jpg 768w, https:\/\/www.fantasticaficcion.com\/wp-content\/uploads\/2021\/10\/ION-CURTAIN-782x1200-1.jpg 782w\" sizes=\"auto, (max-width: 667px) 100vw, 667px\" \/><\/a><\/figure>\n","protected":false},"excerpt":{"rendered":"<p>Ya nos hab\u00edamos hecho eco de esta novedad, as\u00ed que me alegra mucho poder traer la que ser\u00e1 portada de Ion Curtain, el t\u00edtulo de Anya Ow que Rebellion publicar\u00e1 el 19 de julio. La portada es de John Harris:<\/p>\n","protected":false},"author":1,"featured_media":12399,"comment_status":"open","ping_status":"open","sticky":false,"template":"","format":"standard","meta":{"jetpack_post_was_ever_published":false,"_jetpack_newsletter_access":"","_jetpack_dont_email_post_to_subs":false,"_jetpack_newsletter_tier_id":0,"_jetpack_memberships_contains_paywalled_content":false,"_jetpack_memberships_contains_paid_content":false,"footnotes":""},"categories":[830,10],"tags":[1370,190,96,1347],"class_list":["post-12398","post","type-post","status-publish","format-standard","has-post-thumbnail","hentry","category-artistas","category-ciencia-ficcion-2","tag-anya-ow","tag-noticias","tag-portadas","tag-rebellion"],"jetpack_featured_media_url":"https:\/\/www.fantasticaficcion.com\/wp-content\/uploads\/2021\/10\/ION-CURTAIN-782x1200-1.jpg","jetpack_shortlink":"https:\/\/wp.me\/p5fEpk-3dY","jetpack_sharing_enabled":true,"_links":{"self":[{"href":"https:\/\/www.fantasticaficcion.com\/index.php\/wp-json\/wp\/v2\/posts\/12398","targetHints":{"allow":["GET"]}}],"collection":[{"href":"https:\/\/www.fantasticaficcion.com\/index.php\/wp-json\/wp\/v2\/posts"}],"about":[{"href":"https:\/\/www.fantasticaficcion.com\/index.php\/wp-json\/wp\/v2\/types\/post"}],"author":[{"embeddable":true,"href":"https:\/\/www.fantasticaficcion.com\/index.php\/wp-json\/wp\/v2\/users\/1"}],"replies":[{"embeddable":true,"href":"https:\/\/www.fantasticaficcion.com\/index.php\/wp-json\/wp\/v2\/comments?post=12398"}],"version-history":[{"count":1,"href":"https:\/\/www.fantasticaficcion.com\/index.php\/wp-json\/wp\/v2\/posts\/12398\/revisions"}],"predecessor-version":[{"id":12400,"href":"https:\/\/www.fantasticaficcion.com\/index.php\/wp-json\/wp\/v2\/posts\/12398\/revisions\/12400"}],"wp:featuredmedia":[{"embeddable":true,"href":"https:\/\/www.fantasticaficcion.com\/index.php\/wp-json\/wp\/v2\/media\/12399"}],"wp:attachment":[{"href":"https:\/\/www.fantasticaficcion.com\/index.php\/wp-json\/wp\/v2\/media?parent=12398"}],"wp:term":[{"taxonomy":"category","embeddable":true,"href":"https:\/\/www.fantasticaficcion.com\/index.php\/wp-json\/wp\/v2\/categories?post=12398"},{"taxonomy":"post_tag","embeddable":true,"href":"https:\/\/www.fantasticaficcion.com\/index.php\/wp-json\/wp\/v2\/tags?post=12398"}],"curies":[{"name":"wp","href":"https:\/\/api.w.org\/{rel}","templated":true}]}}