{"id":12366,"date":"2021-10-11T05:30:00","date_gmt":"2021-10-11T05:30:00","guid":{"rendered":"http:\/\/www.fantasticaficcion.com\/?p=12366"},"modified":"2021-10-04T07:17:41","modified_gmt":"2021-10-04T07:17:41","slug":"the-quantum-war","status":"publish","type":"post","link":"https:\/\/www.fantasticaficcion.com\/index.php\/the-quantum-war\/","title":{"rendered":"The Quantum War"},"content":{"rendered":"\n<p>Me ha fascinado esta entrega de la saga <em>The Quantum Evolution<\/em> por muchas razones, tanto por la vuelta a la especulaci\u00f3n biol\u00f3gica y sus consecuencias para el ser humano como por su aproximaci\u00f3n descarnada a la dualidad moral de los personajes implicados.<\/p>\n\n\n\n<div class=\"wp-block-image\"><figure class=\"alignright size-large is-resized\"><a href=\"https:\/\/www.fantasticaficcion.com\/wp-content\/uploads\/2021\/02\/thequantumwar.jpg\"><img loading=\"lazy\" decoding=\"async\" src=\"https:\/\/www.fantasticaficcion.com\/wp-content\/uploads\/2021\/02\/thequantumwar-662x1024.jpg\" alt=\"\" class=\"wp-image-11709\" width=\"372\" height=\"575\" srcset=\"https:\/\/www.fantasticaficcion.com\/wp-content\/uploads\/2021\/02\/thequantumwar-662x1024.jpg 662w, https:\/\/www.fantasticaficcion.com\/wp-content\/uploads\/2021\/02\/thequantumwar-194x300.jpg 194w, https:\/\/www.fantasticaficcion.com\/wp-content\/uploads\/2021\/02\/thequantumwar.jpg 768w\" sizes=\"auto, (max-width: 372px) 100vw, 372px\" \/><\/a><\/figure><\/div>\n\n\n\n<p>Derek K\u00fcnsken no se anda con chiquitas en esta ocasi\u00f3n y vuelve a utilizar la estructura de timo planificado que tanto nos agrad\u00f3 en la <a href=\"https:\/\/www.fantasticaficcion.com\/index.php\/the-quantum-magician\/\" data-type=\"post\" data-id=\"8579\">primera entrega de la saga<\/a>. Pero ahora no hay que reunir el equipo, ya que los participantes ser\u00e1n pr\u00e1cticamente los mismos que ya conocimos anteriormente. Pero son personas que han cambiado bastante, siendo el principal afectador Belisarius Arjona, reconcomido por la culpa de los sucesos acontecidos en <strong><em><a href=\"https:\/\/www.fantasticaficcion.com\/index.php\/the-quantum-garden\/\" data-type=\"post\" data-id=\"10303\">The Quantum Garden<\/a><\/em><\/strong>.<\/p>\n\n\n\n<p>Me atrever\u00eda a decir que en esta ocasi\u00f3n el autor canadiense apuesta m\u00e1s por la reflexi\u00f3n sobre las consecuencias de los actos de los implicados en la trama que sobre los propios actos en s\u00ed, a pesar de que estamos hablando de sucesos que pueden, literalmente, cambiar el curso de la historia de la humanidad.<\/p>\n\n\n\n<p>Resulta especialmente llamativo como engarza la presencia de cierto personaje en<strong><em><a href=\"https:\/\/www.fantasticaficcion.com\/index.php\/the-house-of-styx\/\" data-type=\"post\" data-id=\"11007\"> The House of Styx<\/a><\/em><\/strong> para exponer cu\u00e1l es la br\u00fajula moral de toda una cultura, que respeta y casi reverencia a los nacidos con s\u00edndrome de Down, mientras que en el resto de la humanidad hace ya tiempo que no se permite que estos embarazos lleguen a t\u00e9rmino. Y es especialmente dolorosa la comparaci\u00f3n entre este tratamiento dulce con sus <em>petit saints<\/em> mientras que para enfrentarse a los enemigos no se pone ninguna traba al uso de la tortura, de la manipulaci\u00f3n gen\u00e9tica o, directamente, de la aniquilaci\u00f3n de una especie.<\/p>\n\n\n\n<p>Me apasiona en particular el debate que se lleva a cabo durante todo el libro sobre las consecuencias de las modificaciones gen\u00e9ticas, que han dado lugar a nuevas ramas de los <em>homo<\/em> (<em>homo quantus, homo eridanus<\/em>&#8230;) que pueden dar lugar al nuevo salto en la evoluci\u00f3n de la humanidad y que por lo tanto son amenazas para la continuidad de la existencia del <em>homo sapiens<\/em>, como en su momento el <em>homo sapiens<\/em> acab\u00f3 con el <em>homo neanderthalensis<\/em>. Es una aproximaci\u00f3n eminentemente biol\u00f3gica en sus planteamientos, como cabr\u00eda esperar del autor debido a su formaci\u00f3n, pero al final es la moral lo que entra en juego.<\/p>\n\n\n\n<p>Tambi\u00e9n me gustar\u00eda hacer hincapi\u00e9 en la que quiz\u00e1 es una de las representaciones m\u00e1s acertadas y dolorosas a la vez de todos estos libros, el \u00e9xtasis religioso de los <em>puppets <\/em>y su enfermiza relaci\u00f3n con sus creadores, dioses y a la vez esclavos, los Numen. C\u00f3mo la manipulaci\u00f3n gen\u00e9tica dio lugar a estos pobres seres que necesitan de la presencia de sus amos para sobrevivir. Incluso veremos en uno de los cap\u00edtulos c\u00f3mo se comportaba una Numen con ellos en el pasado, como mu\u00f1ecos a su disposici\u00f3n y c\u00f3mo esta persona (por llamarla de alguna manera) se cre\u00eda con derecho a esta manipulaci\u00f3n de otro ser vivo simplemente por ser quien era. <\/p>\n\n\n\n<p>Por buscarle una pega al libro, es cierto que no hay un resumen de lo acontecido con anterioridad y estamos ya en la cuarta entrega de una saga no especialmente sencilla, as\u00ed que ser\u00eda de agradecer integrar en la historia algunos recordatorios de c\u00f3mo va la historia hasta ahora. Hay algunos en el principio de la novela, pero resultan un tanto insuficientes.<\/p>\n\n\n\n<p>Espero con ansia el siguiente libro en la saga, y pedir\u00eda que alguna editorial espa\u00f1ola mirara a esta saga con cari\u00f1o, porque tiene mucho potencial. <\/p>\n","protected":false},"excerpt":{"rendered":"<p>Me ha fascinado esta entrega de la saga The Quantum Evolution por muchas razones, tanto por la vuelta a la especulaci\u00f3n biol\u00f3gica y sus consecuencias para el ser humano como por su aproximaci\u00f3n descarnada a la dualidad moral de los personajes implicados. Derek K\u00fcnsken no se anda con chiquitas en esta ocasi\u00f3n y vuelve a &hellip; <\/p>\n<p class=\"link-more\"><a href=\"https:\/\/www.fantasticaficcion.com\/index.php\/the-quantum-war\/\" class=\"more-link\">Continuar leyendo<span class=\"screen-reader-text\"> &#8220;The Quantum War&#8221;<\/span><\/a><\/p>\n","protected":false},"author":1,"featured_media":11709,"comment_status":"open","ping_status":"open","sticky":false,"template":"","format":"standard","meta":{"jetpack_post_was_ever_published":false,"_jetpack_newsletter_access":"","_jetpack_dont_email_post_to_subs":false,"_jetpack_newsletter_tier_id":0,"_jetpack_memberships_contains_paywalled_content":false,"_jetpack_memberships_contains_paid_content":false,"footnotes":""},"categories":[10,829],"tags":[4,1085,9,1347,8],"class_list":["post-12366","post","type-post","status-publish","format-standard","has-post-thumbnail","hentry","category-ciencia-ficcion-2","category-resena","tag-ciencia-ficcion","tag-derek-kunsken","tag-libros-en-ingles","tag-rebellion","tag-resenas"],"jetpack_featured_media_url":"https:\/\/www.fantasticaficcion.com\/wp-content\/uploads\/2021\/02\/thequantumwar.jpg","jetpack_shortlink":"https:\/\/wp.me\/p5fEpk-3ds","jetpack_sharing_enabled":true,"_links":{"self":[{"href":"https:\/\/www.fantasticaficcion.com\/index.php\/wp-json\/wp\/v2\/posts\/12366","targetHints":{"allow":["GET"]}}],"collection":[{"href":"https:\/\/www.fantasticaficcion.com\/index.php\/wp-json\/wp\/v2\/posts"}],"about":[{"href":"https:\/\/www.fantasticaficcion.com\/index.php\/wp-json\/wp\/v2\/types\/post"}],"author":[{"embeddable":true,"href":"https:\/\/www.fantasticaficcion.com\/index.php\/wp-json\/wp\/v2\/users\/1"}],"replies":[{"embeddable":true,"href":"https:\/\/www.fantasticaficcion.com\/index.php\/wp-json\/wp\/v2\/comments?post=12366"}],"version-history":[{"count":1,"href":"https:\/\/www.fantasticaficcion.com\/index.php\/wp-json\/wp\/v2\/posts\/12366\/revisions"}],"predecessor-version":[{"id":12367,"href":"https:\/\/www.fantasticaficcion.com\/index.php\/wp-json\/wp\/v2\/posts\/12366\/revisions\/12367"}],"wp:featuredmedia":[{"embeddable":true,"href":"https:\/\/www.fantasticaficcion.com\/index.php\/wp-json\/wp\/v2\/media\/11709"}],"wp:attachment":[{"href":"https:\/\/www.fantasticaficcion.com\/index.php\/wp-json\/wp\/v2\/media?parent=12366"}],"wp:term":[{"taxonomy":"category","embeddable":true,"href":"https:\/\/www.fantasticaficcion.com\/index.php\/wp-json\/wp\/v2\/categories?post=12366"},{"taxonomy":"post_tag","embeddable":true,"href":"https:\/\/www.fantasticaficcion.com\/index.php\/wp-json\/wp\/v2\/tags?post=12366"}],"curies":[{"name":"wp","href":"https:\/\/api.w.org\/{rel}","templated":true}]}}