{"id":12363,"date":"2021-10-15T05:30:00","date_gmt":"2021-10-15T05:30:00","guid":{"rendered":"http:\/\/www.fantasticaficcion.com\/?p=12363"},"modified":"2021-09-29T11:02:44","modified_gmt":"2021-09-29T11:02:44","slug":"portada-de-face","status":"publish","type":"post","link":"https:\/\/www.fantasticaficcion.com\/index.php\/portada-de-face\/","title":{"rendered":"Portada de Face"},"content":{"rendered":"\n<p>Tor.com publicar\u00e1 el 17 de mayo del a\u00f1o que viene <strong><em><a href=\"https:\/\/www.tor.com\/2021\/08\/18\/cover-reveals-face-by-joma-west\/\">Face<\/a><\/em><\/strong>, la primera novela de Joma West. <\/p>\n\n\n\n<p>Esta es la sinopsis:<\/p>\n\n\n\n<blockquote class=\"wp-block-quote is-layout-flow wp-block-quote-is-layout-flow\"><p><em>Life is competitive; all the best babies are designed now.<\/em><\/p><p>Schuyler and Madeline Burrows have the perfect Face\u2014rich and powerful enough to make or break a young couple\u2019s rise in society.<\/p><p>But not all is as it seems in SchAddie\u2019s home. Schuyler is bored and taking risks. Maddie is becoming brittle, her happiness ever more fleeting. And their menial is fighting the most bizarre compulsions.<\/p><p>In a society where consent is a pre-checked box on the path to social acceptance, and where skin color is an aesthetic choice designed by professionals, your online profile isn\u2019t just the most important thing\u2014it\u2019s the only thing.<\/p><p><em>Face<\/em>\u00a0is a novel about the lies we allow ourselves to believe in order to make us feel whole.<\/p><\/blockquote>\n\n\n\n<p>Mi traducci\u00f3n:<\/p>\n\n\n\n<blockquote class=\"wp-block-quote is-layout-flow wp-block-quote-is-layout-flow\"><p>La vida es competitiva, los mejores beb\u00e9s se dise\u00f1an con antelaci\u00f3n.<\/p><p>Schuyler y Madeline Burrows tiene la Cara perfecta, son ricos y poderosos para conseguir ascender en la sociedad.<\/p><p>Pero no todo es lo que parece en su hogar. Schuyler se aburre y empieza a arriesgarse. Maddie se siente fr\u00e1gil, con su felicidad cada vez m\u00e1s evasiva. Y tiene que luchar con las compulsiones m\u00e1s extra\u00f1as. <\/p><p>En una sociedad donde el consentimiento viene dado por defecto para avanzar por el camino de la aceptaci\u00f3n social, y donde el color de la piel es una elecci\u00f3n est\u00e9tica dise\u00f1ada por profesionales, tu perfil online no es solo lo m\u00e1s importante, es lo \u00fanico que cuenta.<\/p><p><strong><em>Face <\/em><\/strong>es una novela sobre las mentiras que nos contamos a nosotros mismos para hacernos sentir completos.<\/p><\/blockquote>\n\n\n\n<p>La portada es obra de Keith Negley con dise\u00f1o de Christine Foltzer:<\/p>\n\n\n\n<figure class=\"wp-block-image size-large\"><a href=\"https:\/\/www.fantasticaficcion.com\/wp-content\/uploads\/2021\/09\/face_final-tagline.jpg\"><img loading=\"lazy\" decoding=\"async\" width=\"668\" height=\"1024\" src=\"https:\/\/www.fantasticaficcion.com\/wp-content\/uploads\/2021\/09\/face_final-tagline-668x1024.jpg\" alt=\"\" class=\"wp-image-12364\" srcset=\"https:\/\/www.fantasticaficcion.com\/wp-content\/uploads\/2021\/09\/face_final-tagline-668x1024.jpg 668w, https:\/\/www.fantasticaficcion.com\/wp-content\/uploads\/2021\/09\/face_final-tagline-196x300.jpg 196w, https:\/\/www.fantasticaficcion.com\/wp-content\/uploads\/2021\/09\/face_final-tagline.jpg 740w\" sizes=\"auto, (max-width: 668px) 100vw, 668px\" \/><\/a><\/figure>\n","protected":false},"excerpt":{"rendered":"<p>Tor.com publicar\u00e1 el 17 de mayo del a\u00f1o que viene Face, la primera novela de Joma West. Esta es la sinopsis: Life is competitive; all the best babies are designed now. Schuyler and Madeline Burrows have the perfect Face\u2014rich and powerful enough to make or break a young couple\u2019s rise in society. But not all &hellip; <\/p>\n<p class=\"link-more\"><a href=\"https:\/\/www.fantasticaficcion.com\/index.php\/portada-de-face\/\" class=\"more-link\">Continuar leyendo<span class=\"screen-reader-text\"> &#8220;Portada de Face&#8221;<\/span><\/a><\/p>\n","protected":false},"author":1,"featured_media":12364,"comment_status":"open","ping_status":"open","sticky":false,"template":"","format":"standard","meta":{"jetpack_post_was_ever_published":false,"_jetpack_newsletter_access":"","_jetpack_dont_email_post_to_subs":false,"_jetpack_newsletter_tier_id":0,"_jetpack_memberships_contains_paywalled_content":false,"_jetpack_memberships_contains_paid_content":false,"footnotes":""},"categories":[830,10],"tags":[1408,190,96,1338],"class_list":["post-12363","post","type-post","status-publish","format-standard","has-post-thumbnail","hentry","category-artistas","category-ciencia-ficcion-2","tag-joma-west","tag-noticias","tag-portadas","tag-tor-com"],"jetpack_featured_media_url":"https:\/\/www.fantasticaficcion.com\/wp-content\/uploads\/2021\/09\/face_final-tagline.jpg","jetpack_shortlink":"https:\/\/wp.me\/p5fEpk-3dp","jetpack_sharing_enabled":true,"_links":{"self":[{"href":"https:\/\/www.fantasticaficcion.com\/index.php\/wp-json\/wp\/v2\/posts\/12363","targetHints":{"allow":["GET"]}}],"collection":[{"href":"https:\/\/www.fantasticaficcion.com\/index.php\/wp-json\/wp\/v2\/posts"}],"about":[{"href":"https:\/\/www.fantasticaficcion.com\/index.php\/wp-json\/wp\/v2\/types\/post"}],"author":[{"embeddable":true,"href":"https:\/\/www.fantasticaficcion.com\/index.php\/wp-json\/wp\/v2\/users\/1"}],"replies":[{"embeddable":true,"href":"https:\/\/www.fantasticaficcion.com\/index.php\/wp-json\/wp\/v2\/comments?post=12363"}],"version-history":[{"count":1,"href":"https:\/\/www.fantasticaficcion.com\/index.php\/wp-json\/wp\/v2\/posts\/12363\/revisions"}],"predecessor-version":[{"id":12365,"href":"https:\/\/www.fantasticaficcion.com\/index.php\/wp-json\/wp\/v2\/posts\/12363\/revisions\/12365"}],"wp:featuredmedia":[{"embeddable":true,"href":"https:\/\/www.fantasticaficcion.com\/index.php\/wp-json\/wp\/v2\/media\/12364"}],"wp:attachment":[{"href":"https:\/\/www.fantasticaficcion.com\/index.php\/wp-json\/wp\/v2\/media?parent=12363"}],"wp:term":[{"taxonomy":"category","embeddable":true,"href":"https:\/\/www.fantasticaficcion.com\/index.php\/wp-json\/wp\/v2\/categories?post=12363"},{"taxonomy":"post_tag","embeddable":true,"href":"https:\/\/www.fantasticaficcion.com\/index.php\/wp-json\/wp\/v2\/tags?post=12363"}],"curies":[{"name":"wp","href":"https:\/\/api.w.org\/{rel}","templated":true}]}}