{"id":12356,"date":"2021-10-21T05:30:00","date_gmt":"2021-10-21T05:30:00","guid":{"rendered":"http:\/\/www.fantasticaficcion.com\/?p=12356"},"modified":"2021-09-29T10:15:56","modified_gmt":"2021-09-29T10:15:56","slug":"for-the-wolf","status":"publish","type":"post","link":"https:\/\/www.fantasticaficcion.com\/index.php\/for-the-wolf\/","title":{"rendered":"For the Wolf"},"content":{"rendered":"\n<p>Se ha puesto de moda narrar los cuentos de hadas m\u00e1s tradicionales con alg\u00fan que otro cambio, quiz\u00e1 otra localizaci\u00f3n o intercambiando el g\u00e9nero en los personajes. <strong><em>For the Wolf<\/em><\/strong> sigue esta tendencia, si bien la portada es un tanto enga\u00f1osa porque parecer\u00eda relacionado con Caperucita Roja, pero en el interior vemos que no es as\u00ed, que es otra forma de contar La Bella y la Bestia. <\/p>\n\n\n\n<div class=\"wp-block-image\"><figure class=\"alignright size-full is-resized\"><a href=\"https:\/\/www.fantasticaficcion.com\/wp-content\/uploads\/2021\/09\/forthewolf.jpg\"><img loading=\"lazy\" decoding=\"async\" src=\"https:\/\/www.fantasticaficcion.com\/wp-content\/uploads\/2021\/09\/forthewolf.jpg\" alt=\"\" class=\"wp-image-12357\" width=\"329\" height=\"493\" srcset=\"https:\/\/www.fantasticaficcion.com\/wp-content\/uploads\/2021\/09\/forthewolf.jpg 660w, https:\/\/www.fantasticaficcion.com\/wp-content\/uploads\/2021\/09\/forthewolf-200x300.jpg 200w\" sizes=\"auto, (max-width: 329px) 100vw, 329px\" \/><\/a><\/figure><\/div>\n\n\n\n<p>El ritmo del libro es pausado, casi parsimonioso, mientras la autora nos va explicando la historia de dos hermanas mellizas de estirpe real condenadas a un futuro muy dispar por su orden de nacimiento. Entrelaza la leyenda con la situaci\u00f3n real de manera muy acertada y rodea toda la narraci\u00f3n de un halo de atemporalidad que le sienta bien a la f\u00e1bula, aunque hay que hacer un peque\u00f1o ejercicio de suspensi\u00f3n de la incredulidad precisamente por ese desigual fluir del tiempo.<\/p>\n\n\n\n<p>Desde tiempos inmemoriales la primera hija de la realeza heredar\u00e1 el trono, mientras que la segunda ser\u00e1 entregada en sacrificio al Lobo. Este hecho marca la infancia y la vida de Neve y Red, modificando tanto su relaci\u00f3n con los dem\u00e1s a la vez que fortalece los v\u00ednculos entre ellas. Cuando Red llega a los 20 a\u00f1os y ha de ofrecerse al Lobo, lo ve casi como una liberaci\u00f3n, como la culminaci\u00f3n de lo que lleva esperando toda la vida. Su hermana intenta retenerla y no cejar\u00e1 en su empe\u00f1o de recuperarla, pero no todo es lo que parece y las leyendas a\u00fanan mentiras y medias verdades que nadie ha sido capaz de descifrar.<\/p>\n\n\n\n<p>Hannah F. Whitten\u00a0ha escrito una novela muy deudora de los cuentos tradicionales, no solo por la trama si no tambi\u00e9n por las herramientas utilizadas para su elaboraci\u00f3n. La novela es de desarrollo lento y de forma pausada seremos testigos de la relaci\u00f3n entre Red y el Lobo, y de c\u00f3mo una figura monstruosa no ha de ser necesariamente quien cometa los actos m\u00e1s despreciables. Como digo es un libro pausado y tranquilo, y quiz\u00e1 por ello se ha quedado un poco en terreno de nadie en cuanto a promoci\u00f3n y difusi\u00f3n. Es una fantas\u00eda que parece un poco antigua a pesar de haberse publicado este mismo a\u00f1o, si me permit\u00eds la comparaci\u00f3n.<\/p>\n\n\n\n<p>De hecho, al tratarse de la primera novela de una duolog\u00eda, me resulta muy llamativo que la novela acabe como lo hace, porque deja el camino expedito a la continuaci\u00f3n pero tampoco hace que est\u00e9s deseando leerla, es un final satisfactorio por s\u00ed mismo. Creo que esta novela de debut se ha quedado un poco a medio camino de lo que pretend\u00eda conseguir y no s\u00e9 si leer\u00e9 la segunda parte.<\/p>\n","protected":false},"excerpt":{"rendered":"<p>Se ha puesto de moda narrar los cuentos de hadas m\u00e1s tradicionales con alg\u00fan que otro cambio, quiz\u00e1 otra localizaci\u00f3n o intercambiando el g\u00e9nero en los personajes. For the Wolf sigue esta tendencia, si bien la portada es un tanto enga\u00f1osa porque parecer\u00eda relacionado con Caperucita Roja, pero en el interior vemos que no es &hellip; <\/p>\n<p class=\"link-more\"><a href=\"https:\/\/www.fantasticaficcion.com\/index.php\/for-the-wolf\/\" class=\"more-link\">Continuar leyendo<span class=\"screen-reader-text\"> &#8220;For the Wolf&#8221;<\/span><\/a><\/p>\n","protected":false},"author":1,"featured_media":12357,"comment_status":"open","ping_status":"open","sticky":false,"template":"","format":"standard","meta":{"jetpack_post_was_ever_published":false,"_jetpack_newsletter_access":"","_jetpack_dont_email_post_to_subs":false,"_jetpack_newsletter_tier_id":0,"_jetpack_memberships_contains_paywalled_content":false,"_jetpack_memberships_contains_paid_content":false,"footnotes":""},"categories":[5,829],"tags":[664,1407,9,1339,8],"class_list":["post-12356","post","type-post","status-publish","format-standard","has-post-thumbnail","hentry","category-fantasia","category-resena","tag-fantasia","tag-hannah-f-whitten","tag-libros-en-ingles","tag-orbit","tag-resenas"],"jetpack_featured_media_url":"https:\/\/www.fantasticaficcion.com\/wp-content\/uploads\/2021\/09\/forthewolf.jpg","jetpack_shortlink":"https:\/\/wp.me\/p5fEpk-3di","jetpack_sharing_enabled":true,"_links":{"self":[{"href":"https:\/\/www.fantasticaficcion.com\/index.php\/wp-json\/wp\/v2\/posts\/12356","targetHints":{"allow":["GET"]}}],"collection":[{"href":"https:\/\/www.fantasticaficcion.com\/index.php\/wp-json\/wp\/v2\/posts"}],"about":[{"href":"https:\/\/www.fantasticaficcion.com\/index.php\/wp-json\/wp\/v2\/types\/post"}],"author":[{"embeddable":true,"href":"https:\/\/www.fantasticaficcion.com\/index.php\/wp-json\/wp\/v2\/users\/1"}],"replies":[{"embeddable":true,"href":"https:\/\/www.fantasticaficcion.com\/index.php\/wp-json\/wp\/v2\/comments?post=12356"}],"version-history":[{"count":3,"href":"https:\/\/www.fantasticaficcion.com\/index.php\/wp-json\/wp\/v2\/posts\/12356\/revisions"}],"predecessor-version":[{"id":12360,"href":"https:\/\/www.fantasticaficcion.com\/index.php\/wp-json\/wp\/v2\/posts\/12356\/revisions\/12360"}],"wp:featuredmedia":[{"embeddable":true,"href":"https:\/\/www.fantasticaficcion.com\/index.php\/wp-json\/wp\/v2\/media\/12357"}],"wp:attachment":[{"href":"https:\/\/www.fantasticaficcion.com\/index.php\/wp-json\/wp\/v2\/media?parent=12356"}],"wp:term":[{"taxonomy":"category","embeddable":true,"href":"https:\/\/www.fantasticaficcion.com\/index.php\/wp-json\/wp\/v2\/categories?post=12356"},{"taxonomy":"post_tag","embeddable":true,"href":"https:\/\/www.fantasticaficcion.com\/index.php\/wp-json\/wp\/v2\/tags?post=12356"}],"curies":[{"name":"wp","href":"https:\/\/api.w.org\/{rel}","templated":true}]}}