{"id":12329,"date":"2021-09-22T05:30:00","date_gmt":"2021-09-22T05:30:00","guid":{"rendered":"http:\/\/www.fantasticaficcion.com\/?p=12329"},"modified":"2021-09-14T06:49:32","modified_gmt":"2021-09-14T06:49:32","slug":"portada-de-a-prayer-for-the-crown-shy","status":"publish","type":"post","link":"https:\/\/www.fantasticaficcion.com\/index.php\/portada-de-a-prayer-for-the-crown-shy\/","title":{"rendered":"Portada de A Prayer for the Crown-Shy"},"content":{"rendered":"\n<p><a href=\"https:\/\/www.tor.com\/2021\/09\/13\/cover-reveals-a-prayer-for-the-crown-shy-by-becky-chambers\/\">En este blog somos seguidores de Becky Chambers<\/a>, como ella dice, su Inquisici\u00f3n Espa\u00f1ola.  As\u00ed que siempre nos alegra hacernos eco de buenas noticias respecto a ella, como por ejemplo la publicaci\u00f3n de su nueva novela corta en Tor.com <strong><em>A Prayer for the Crown-Shy<\/em><\/strong>, la continuaci\u00f3n de <strong><em>A Psalm for the Wild-Built<\/em><\/strong>.<\/p>\n\n\n\n<p>La portada es obra de Feifei Ruan, con dise\u00f1o de Christine Foltzer:<\/p>\n\n\n\n<figure class=\"wp-block-image size-large\"><a href=\"https:\/\/www.fantasticaficcion.com\/wp-content\/uploads\/2021\/09\/AprayerfortheCrownShy_Chambers.jpg\"><img loading=\"lazy\" decoding=\"async\" width=\"640\" height=\"1024\" src=\"https:\/\/www.fantasticaficcion.com\/wp-content\/uploads\/2021\/09\/AprayerfortheCrownShy_Chambers-640x1024.jpg\" alt=\"\" class=\"wp-image-12330\" srcset=\"https:\/\/www.fantasticaficcion.com\/wp-content\/uploads\/2021\/09\/AprayerfortheCrownShy_Chambers-640x1024.jpg 640w, https:\/\/www.fantasticaficcion.com\/wp-content\/uploads\/2021\/09\/AprayerfortheCrownShy_Chambers-188x300.jpg 188w, https:\/\/www.fantasticaficcion.com\/wp-content\/uploads\/2021\/09\/AprayerfortheCrownShy_Chambers.jpg 740w\" sizes=\"auto, (max-width: 640px) 100vw, 640px\" \/><\/a><\/figure>\n","protected":false},"excerpt":{"rendered":"<p>En este blog somos seguidores de Becky Chambers, como ella dice, su Inquisici\u00f3n Espa\u00f1ola. As\u00ed que siempre nos alegra hacernos eco de buenas noticias respecto a ella, como por ejemplo la publicaci\u00f3n de su nueva novela corta en Tor.com A Prayer for the Crown-Shy, la continuaci\u00f3n de A Psalm for the Wild-Built. La portada es &hellip; <\/p>\n<p class=\"link-more\"><a href=\"https:\/\/www.fantasticaficcion.com\/index.php\/portada-de-a-prayer-for-the-crown-shy\/\" class=\"more-link\">Continuar leyendo<span class=\"screen-reader-text\"> &#8220;Portada de A Prayer for the Crown-Shy&#8221;<\/span><\/a><\/p>\n","protected":false},"author":1,"featured_media":0,"comment_status":"open","ping_status":"open","sticky":false,"template":"","format":"standard","meta":{"jetpack_post_was_ever_published":false,"_jetpack_newsletter_access":"","_jetpack_dont_email_post_to_subs":false,"_jetpack_newsletter_tier_id":0,"_jetpack_memberships_contains_paywalled_content":false,"_jetpack_memberships_contains_paid_content":false,"footnotes":""},"categories":[830,10],"tags":[765,190,96,1338],"class_list":["post-12329","post","type-post","status-publish","format-standard","hentry","category-artistas","category-ciencia-ficcion-2","tag-becky-chambers","tag-noticias","tag-portadas","tag-tor-com"],"jetpack_featured_media_url":"","jetpack_shortlink":"https:\/\/wp.me\/p5fEpk-3cR","jetpack_sharing_enabled":true,"_links":{"self":[{"href":"https:\/\/www.fantasticaficcion.com\/index.php\/wp-json\/wp\/v2\/posts\/12329","targetHints":{"allow":["GET"]}}],"collection":[{"href":"https:\/\/www.fantasticaficcion.com\/index.php\/wp-json\/wp\/v2\/posts"}],"about":[{"href":"https:\/\/www.fantasticaficcion.com\/index.php\/wp-json\/wp\/v2\/types\/post"}],"author":[{"embeddable":true,"href":"https:\/\/www.fantasticaficcion.com\/index.php\/wp-json\/wp\/v2\/users\/1"}],"replies":[{"embeddable":true,"href":"https:\/\/www.fantasticaficcion.com\/index.php\/wp-json\/wp\/v2\/comments?post=12329"}],"version-history":[{"count":1,"href":"https:\/\/www.fantasticaficcion.com\/index.php\/wp-json\/wp\/v2\/posts\/12329\/revisions"}],"predecessor-version":[{"id":12331,"href":"https:\/\/www.fantasticaficcion.com\/index.php\/wp-json\/wp\/v2\/posts\/12329\/revisions\/12331"}],"wp:attachment":[{"href":"https:\/\/www.fantasticaficcion.com\/index.php\/wp-json\/wp\/v2\/media?parent=12329"}],"wp:term":[{"taxonomy":"category","embeddable":true,"href":"https:\/\/www.fantasticaficcion.com\/index.php\/wp-json\/wp\/v2\/categories?post=12329"},{"taxonomy":"post_tag","embeddable":true,"href":"https:\/\/www.fantasticaficcion.com\/index.php\/wp-json\/wp\/v2\/tags?post=12329"}],"curies":[{"name":"wp","href":"https:\/\/api.w.org\/{rel}","templated":true}]}}