{"id":12326,"date":"2021-10-04T05:30:00","date_gmt":"2021-10-04T05:30:00","guid":{"rendered":"http:\/\/www.fantasticaficcion.com\/?p=12326"},"modified":"2021-09-14T06:41:09","modified_gmt":"2021-09-14T06:41:09","slug":"a-declaration-of-the-rights-of-magicians","status":"publish","type":"post","link":"https:\/\/www.fantasticaficcion.com\/index.php\/a-declaration-of-the-rights-of-magicians\/","title":{"rendered":"A Declaration of the Rights of Magicians"},"content":{"rendered":"\n<p><strong><em>A Declaration of the Rights of Magicians<\/em><\/strong> es una fantas\u00eda hist\u00f3rica bastante original en su planteamiento y desarrollo si bien se nota demasiado que es la primera parte de una duolog\u00eda y en ocasiones el ritmo resulta demasiado pausado. Situada en la \u00e9poca de la revoluci\u00f3n francesa, cuenta estos sucesos con la diferencia de la existencia de la magia, algo que cualquiera pensar\u00eda que habr\u00eda cambiado de forma m\u00e1s radical el transcurso de la historia, pero excepto la reiterada menci\u00f3n de las Guerras Vamp\u00edricas, los dem\u00e1s hitos se asemejan m\u00e1s o menos a lo que conocemos. Y los personajes que poblar\u00e1n sus p\u00e1ginas son los part\u00edcipes de aquella \u00e9poca convulsa, aunque mi desconocimiento de ese pasaje de la historia me impide juzgar si su comportamiento y desarrollo concuerda con la &#8220;realidad tal y como la conocemos TM&#8221;.<\/p>\n\n\n\n<div class=\"wp-block-image\"><figure class=\"alignright size-full is-resized\"><a href=\"https:\/\/www.fantasticaficcion.com\/wp-content\/uploads\/2019\/11\/Parry_Declaration-of-the-Rights-of-Magicians_TP.jpg\"><img loading=\"lazy\" decoding=\"async\" src=\"https:\/\/www.fantasticaficcion.com\/wp-content\/uploads\/2019\/11\/Parry_Declaration-of-the-Rights-of-Magicians_TP.jpg\" alt=\"\" class=\"wp-image-10259\" width=\"325\" height=\"501\" srcset=\"https:\/\/www.fantasticaficcion.com\/wp-content\/uploads\/2019\/11\/Parry_Declaration-of-the-Rights-of-Magicians_TP.jpg 432w, https:\/\/www.fantasticaficcion.com\/wp-content\/uploads\/2019\/11\/Parry_Declaration-of-the-Rights-of-Magicians_TP-195x300.jpg 195w\" sizes=\"auto, (max-width: 325px) 100vw, 325px\" \/><\/a><\/figure><\/div>\n\n\n\n<p>Lo que m\u00e1s me ha llamado la atenci\u00f3n de esta novela de H.G. Parry es la profunda importancia que da al thriller pol\u00edtico, a las discusiones del parlamento ingl\u00e9s y la asamblea francesa. Creo que en pocas novelas habr\u00e1 visto esta inmersi\u00f3n en la pol\u00edtica en s\u00ed, la \u00fanica que me viene a la mente es la de <a href=\"https:\/\/www.fantasticaficcion.com\/index.php\/the-traitor\/\" data-type=\"post\" data-id=\"4980\">Baru Cormorant<\/a>. Me gusta esta importancia que se da al di\u00e1logo y a la exposici\u00f3n de ideas y sobre todo, el respeto al adversario pol\u00edtico, algo que se ha debido perder con el transcurso del tiempo. El tema de fondo es la libertad sobre el uso de la magia por parte de los comunes, ya que los arist\u00f3cratas lo tienen permitido y la plebe no, siendo este es el principal detonante de la Revoluci\u00f3n Francesa. En realidad es un reflejo m\u00e1s de las desigualdades de la \u00e9poca que crearon el caldo de cultivo para este hito hist\u00f3rico, solo que la autora ha adornado un poco el tema con las distintas magias. Sobre todo me gusta el planteamiento de lucha para la abolici\u00f3n de la esclavitud, algo que cost\u00f3 sudor y sangre eliminar de forma &#8220;legal&#8221; en estos pa\u00edses.<\/p>\n\n\n\n<p>La presencia de un ente en la sombra que maneja los hilos de la trama est\u00e1 bastante dosificada, pero es imposible dejar de plantearse qui\u00e9n ser\u00e1 este ser m\u00e1gico con extraordinarias capacidades, algo que se desvelar\u00e1 supongo en el siguiente libro. Tampoco se puede negar que de los tres puntos de vista en los que se basa la narraci\u00f3n hay uno que sale eminentemente perjudicado en cuanto a relevancia y n\u00famero de apariciones (el situado en Jamaica) y esto es debido a que se est\u00e1n preparando cosas para el segundo volumen.<\/p>\n\n\n\n<p>No es menos cierto que la longitud de la obra juega un poco en su contra, porque hay momentos de <em>impasse<\/em> que la autora no ha podido dotar del mismo inter\u00e9s que los momentos \u00e1lgidos de la historia, como el comienzo del Terror y su odiosa justificaci\u00f3n para las huestes francesas o la revoluci\u00f3n en las colonias. <\/p>\n\n\n\n<p>Todo esto da lugar a un libro irregular, interesante por algunas razones que sin embargo no acaba de despegar como podr\u00eda haberlo hecho partiendo de las atractivas ideas expuestas. Es posible que mi valoraci\u00f3n var\u00ede cuando lea la siguiente novela, al conocer el sentido completo de la obra.<\/p>\n","protected":false},"excerpt":{"rendered":"<p>A Declaration of the Rights of Magicians es una fantas\u00eda hist\u00f3rica bastante original en su planteamiento y desarrollo si bien se nota demasiado que es la primera parte de una duolog\u00eda y en ocasiones el ritmo resulta demasiado pausado. Situada en la \u00e9poca de la revoluci\u00f3n francesa, cuenta estos sucesos con la diferencia de la &hellip; <\/p>\n<p class=\"link-more\"><a href=\"https:\/\/www.fantasticaficcion.com\/index.php\/a-declaration-of-the-rights-of-magicians\/\" class=\"more-link\">Continuar leyendo<span class=\"screen-reader-text\"> &#8220;A Declaration of the Rights of Magicians&#8221;<\/span><\/a><\/p>\n","protected":false},"author":1,"featured_media":10259,"comment_status":"open","ping_status":"open","sticky":false,"template":"","format":"standard","meta":{"jetpack_post_was_ever_published":false,"_jetpack_newsletter_access":"","_jetpack_dont_email_post_to_subs":false,"_jetpack_newsletter_tier_id":0,"_jetpack_memberships_contains_paywalled_content":false,"_jetpack_memberships_contains_paid_content":false,"footnotes":""},"categories":[5,829],"tags":[664,1214,9,1339,8],"class_list":["post-12326","post","type-post","status-publish","format-standard","has-post-thumbnail","hentry","category-fantasia","category-resena","tag-fantasia","tag-h-g-parry","tag-libros-en-ingles","tag-orbit","tag-resenas"],"jetpack_featured_media_url":"https:\/\/www.fantasticaficcion.com\/wp-content\/uploads\/2019\/11\/Parry_Declaration-of-the-Rights-of-Magicians_TP.jpg","jetpack_shortlink":"https:\/\/wp.me\/p5fEpk-3cO","jetpack_sharing_enabled":true,"_links":{"self":[{"href":"https:\/\/www.fantasticaficcion.com\/index.php\/wp-json\/wp\/v2\/posts\/12326","targetHints":{"allow":["GET"]}}],"collection":[{"href":"https:\/\/www.fantasticaficcion.com\/index.php\/wp-json\/wp\/v2\/posts"}],"about":[{"href":"https:\/\/www.fantasticaficcion.com\/index.php\/wp-json\/wp\/v2\/types\/post"}],"author":[{"embeddable":true,"href":"https:\/\/www.fantasticaficcion.com\/index.php\/wp-json\/wp\/v2\/users\/1"}],"replies":[{"embeddable":true,"href":"https:\/\/www.fantasticaficcion.com\/index.php\/wp-json\/wp\/v2\/comments?post=12326"}],"version-history":[{"count":2,"href":"https:\/\/www.fantasticaficcion.com\/index.php\/wp-json\/wp\/v2\/posts\/12326\/revisions"}],"predecessor-version":[{"id":12328,"href":"https:\/\/www.fantasticaficcion.com\/index.php\/wp-json\/wp\/v2\/posts\/12326\/revisions\/12328"}],"wp:featuredmedia":[{"embeddable":true,"href":"https:\/\/www.fantasticaficcion.com\/index.php\/wp-json\/wp\/v2\/media\/10259"}],"wp:attachment":[{"href":"https:\/\/www.fantasticaficcion.com\/index.php\/wp-json\/wp\/v2\/media?parent=12326"}],"wp:term":[{"taxonomy":"category","embeddable":true,"href":"https:\/\/www.fantasticaficcion.com\/index.php\/wp-json\/wp\/v2\/categories?post=12326"},{"taxonomy":"post_tag","embeddable":true,"href":"https:\/\/www.fantasticaficcion.com\/index.php\/wp-json\/wp\/v2\/tags?post=12326"}],"curies":[{"name":"wp","href":"https:\/\/api.w.org\/{rel}","templated":true}]}}