{"id":12318,"date":"2021-10-01T05:30:00","date_gmt":"2021-10-01T05:30:00","guid":{"rendered":"http:\/\/www.fantasticaficcion.com\/?p=12318"},"modified":"2021-09-10T05:57:53","modified_gmt":"2021-09-10T05:57:53","slug":"portada-de-the-city-inside","status":"publish","type":"post","link":"https:\/\/www.fantasticaficcion.com\/index.php\/portada-de-the-city-inside\/","title":{"rendered":"Portada de The City Inside"},"content":{"rendered":"\n<p>El 7 de junio del a\u00f1o que viene podremos leer <strong><em><a href=\"https:\/\/www.fantasticaficcion.com\/index.php\/anunciada-la-publicacion-de-the-city-inside\/\" data-type=\"post\" data-id=\"11892\">The City Inside<\/a><\/em><\/strong> de Samit Basu, pero de momento ya sabemos cu\u00e1l va a ser la <a href=\"https:\/\/www.tor.com\/2021\/09\/09\/cover-reveals-the-city-inside-by-samit-basu\/\">portada <\/a>de este lanzamiento de Tor.com.<\/p>\n\n\n\n<p>La portada es obra de Kuri Huang, con dise\u00f1o de Christine Foltzer:<\/p>\n\n\n\n<figure class=\"wp-block-image size-large\"><a href=\"https:\/\/www.fantasticaficcion.com\/wp-content\/uploads\/2021\/09\/cityinside_final.jpg\"><img loading=\"lazy\" decoding=\"async\" width=\"668\" height=\"1024\" src=\"https:\/\/www.fantasticaficcion.com\/wp-content\/uploads\/2021\/09\/cityinside_final-668x1024.jpg\" alt=\"\" class=\"wp-image-12319\" srcset=\"https:\/\/www.fantasticaficcion.com\/wp-content\/uploads\/2021\/09\/cityinside_final-668x1024.jpg 668w, https:\/\/www.fantasticaficcion.com\/wp-content\/uploads\/2021\/09\/cityinside_final-196x300.jpg 196w, https:\/\/www.fantasticaficcion.com\/wp-content\/uploads\/2021\/09\/cityinside_final.jpg 740w\" sizes=\"auto, (max-width: 668px) 100vw, 668px\" \/><\/a><\/figure>\n\n\n\n<p><\/p>\n","protected":false},"excerpt":{"rendered":"<p>El 7 de junio del a\u00f1o que viene podremos leer The City Inside de Samit Basu, pero de momento ya sabemos cu\u00e1l va a ser la portada de este lanzamiento de Tor.com. La portada es obra de Kuri Huang, con dise\u00f1o de Christine Foltzer:<\/p>\n","protected":false},"author":1,"featured_media":12319,"comment_status":"open","ping_status":"open","sticky":false,"template":"","format":"standard","meta":{"jetpack_post_was_ever_published":false,"_jetpack_newsletter_access":"","_jetpack_dont_email_post_to_subs":false,"_jetpack_newsletter_tier_id":0,"_jetpack_memberships_contains_paywalled_content":false,"_jetpack_memberships_contains_paid_content":false,"footnotes":""},"categories":[830,10],"tags":[190,96,814],"class_list":["post-12318","post","type-post","status-publish","format-standard","has-post-thumbnail","hentry","category-artistas","category-ciencia-ficcion-2","tag-noticias","tag-portadas","tag-samit-basu"],"jetpack_featured_media_url":"https:\/\/www.fantasticaficcion.com\/wp-content\/uploads\/2021\/09\/cityinside_final.jpg","jetpack_shortlink":"https:\/\/wp.me\/p5fEpk-3cG","jetpack_sharing_enabled":true,"_links":{"self":[{"href":"https:\/\/www.fantasticaficcion.com\/index.php\/wp-json\/wp\/v2\/posts\/12318","targetHints":{"allow":["GET"]}}],"collection":[{"href":"https:\/\/www.fantasticaficcion.com\/index.php\/wp-json\/wp\/v2\/posts"}],"about":[{"href":"https:\/\/www.fantasticaficcion.com\/index.php\/wp-json\/wp\/v2\/types\/post"}],"author":[{"embeddable":true,"href":"https:\/\/www.fantasticaficcion.com\/index.php\/wp-json\/wp\/v2\/users\/1"}],"replies":[{"embeddable":true,"href":"https:\/\/www.fantasticaficcion.com\/index.php\/wp-json\/wp\/v2\/comments?post=12318"}],"version-history":[{"count":1,"href":"https:\/\/www.fantasticaficcion.com\/index.php\/wp-json\/wp\/v2\/posts\/12318\/revisions"}],"predecessor-version":[{"id":12320,"href":"https:\/\/www.fantasticaficcion.com\/index.php\/wp-json\/wp\/v2\/posts\/12318\/revisions\/12320"}],"wp:featuredmedia":[{"embeddable":true,"href":"https:\/\/www.fantasticaficcion.com\/index.php\/wp-json\/wp\/v2\/media\/12319"}],"wp:attachment":[{"href":"https:\/\/www.fantasticaficcion.com\/index.php\/wp-json\/wp\/v2\/media?parent=12318"}],"wp:term":[{"taxonomy":"category","embeddable":true,"href":"https:\/\/www.fantasticaficcion.com\/index.php\/wp-json\/wp\/v2\/categories?post=12318"},{"taxonomy":"post_tag","embeddable":true,"href":"https:\/\/www.fantasticaficcion.com\/index.php\/wp-json\/wp\/v2\/tags?post=12318"}],"curies":[{"name":"wp","href":"https:\/\/api.w.org\/{rel}","templated":true}]}}