{"id":12301,"date":"2021-09-15T05:30:00","date_gmt":"2021-09-15T05:30:00","guid":{"rendered":"http:\/\/www.fantasticaficcion.com\/?p=12301"},"modified":"2021-09-08T10:08:31","modified_gmt":"2021-09-08T10:08:31","slug":"portada-de-priest-of-crowns","status":"publish","type":"post","link":"https:\/\/www.fantasticaficcion.com\/index.php\/portada-de-priest-of-crowns\/","title":{"rendered":"Portada de Priest of Crowns"},"content":{"rendered":"\n<p>Aqu\u00ed os traigo la portada de la que ya s\u00ed definitivamente es la \u00faltima entrega de la saga <em>War for the Rose Throne<\/em>,  que se titular\u00e1 <strong><em><a href=\"https:\/\/twitter.com\/PeteMC666\/status\/1435290374675865600\">Priest of Crowns <\/a><\/em><\/strong>y se publicar\u00e1 el 22 de abril del a\u00f1o que viene.<\/p>\n\n\n\n<div class=\"wp-block-image\"><figure class=\"aligncenter size-full\"><a href=\"https:\/\/www.fantasticaficcion.com\/wp-content\/uploads\/2021\/09\/priestofcrowns.jpg\"><img loading=\"lazy\" decoding=\"async\" width=\"316\" height=\"500\" src=\"https:\/\/www.fantasticaficcion.com\/wp-content\/uploads\/2021\/09\/priestofcrowns.jpg\" alt=\"\" class=\"wp-image-12302\" srcset=\"https:\/\/www.fantasticaficcion.com\/wp-content\/uploads\/2021\/09\/priestofcrowns.jpg 316w, https:\/\/www.fantasticaficcion.com\/wp-content\/uploads\/2021\/09\/priestofcrowns-190x300.jpg 190w\" sizes=\"auto, (max-width: 316px) 100vw, 316px\" \/><\/a><\/figure><\/div>\n","protected":false},"excerpt":{"rendered":"<p>Aqu\u00ed os traigo la portada de la que ya s\u00ed definitivamente es la \u00faltima entrega de la saga War for the Rose Throne, que se titular\u00e1 Priest of Crowns y se publicar\u00e1 el 22 de abril del a\u00f1o que viene.<\/p>\n","protected":false},"author":1,"featured_media":12302,"comment_status":"open","ping_status":"open","sticky":false,"template":"","format":"standard","meta":{"jetpack_post_was_ever_published":false,"_jetpack_newsletter_access":"","_jetpack_dont_email_post_to_subs":false,"_jetpack_newsletter_tier_id":0,"_jetpack_memberships_contains_paywalled_content":false,"_jetpack_memberships_contains_paid_content":false,"footnotes":""},"categories":[5],"tags":[190,1100,96],"class_list":["post-12301","post","type-post","status-publish","format-standard","has-post-thumbnail","hentry","category-fantasia","tag-noticias","tag-peter-mclean","tag-portadas"],"jetpack_featured_media_url":"https:\/\/www.fantasticaficcion.com\/wp-content\/uploads\/2021\/09\/priestofcrowns.jpg","jetpack_shortlink":"https:\/\/wp.me\/p5fEpk-3cp","jetpack_sharing_enabled":true,"_links":{"self":[{"href":"https:\/\/www.fantasticaficcion.com\/index.php\/wp-json\/wp\/v2\/posts\/12301","targetHints":{"allow":["GET"]}}],"collection":[{"href":"https:\/\/www.fantasticaficcion.com\/index.php\/wp-json\/wp\/v2\/posts"}],"about":[{"href":"https:\/\/www.fantasticaficcion.com\/index.php\/wp-json\/wp\/v2\/types\/post"}],"author":[{"embeddable":true,"href":"https:\/\/www.fantasticaficcion.com\/index.php\/wp-json\/wp\/v2\/users\/1"}],"replies":[{"embeddable":true,"href":"https:\/\/www.fantasticaficcion.com\/index.php\/wp-json\/wp\/v2\/comments?post=12301"}],"version-history":[{"count":1,"href":"https:\/\/www.fantasticaficcion.com\/index.php\/wp-json\/wp\/v2\/posts\/12301\/revisions"}],"predecessor-version":[{"id":12303,"href":"https:\/\/www.fantasticaficcion.com\/index.php\/wp-json\/wp\/v2\/posts\/12301\/revisions\/12303"}],"wp:featuredmedia":[{"embeddable":true,"href":"https:\/\/www.fantasticaficcion.com\/index.php\/wp-json\/wp\/v2\/media\/12302"}],"wp:attachment":[{"href":"https:\/\/www.fantasticaficcion.com\/index.php\/wp-json\/wp\/v2\/media?parent=12301"}],"wp:term":[{"taxonomy":"category","embeddable":true,"href":"https:\/\/www.fantasticaficcion.com\/index.php\/wp-json\/wp\/v2\/categories?post=12301"},{"taxonomy":"post_tag","embeddable":true,"href":"https:\/\/www.fantasticaficcion.com\/index.php\/wp-json\/wp\/v2\/tags?post=12301"}],"curies":[{"name":"wp","href":"https:\/\/api.w.org\/{rel}","templated":true}]}}