{"id":12179,"date":"2021-09-02T05:30:00","date_gmt":"2021-09-02T05:30:00","guid":{"rendered":"http:\/\/www.fantasticaficcion.com\/?p=12179"},"modified":"2021-08-05T06:09:57","modified_gmt":"2021-08-05T06:09:57","slug":"the-golem-and-the-jinni","status":"publish","type":"post","link":"https:\/\/www.fantasticaficcion.com\/index.php\/the-golem-and-the-jinni\/","title":{"rendered":"The Golem and the Jinni"},"content":{"rendered":"\n<p>A los que piensen que solo leo novedades les dir\u00e9 que tienen toda la raz\u00f3n del mundo, pero tambi\u00e9n que a veces recupero alg\u00fan libro que pasara por debajo del radar por la raz\u00f3n que fuera en su momento.<\/p>\n\n\n\n<div class=\"wp-block-image\"><figure class=\"alignright size-large\"><a href=\"https:\/\/www.fantasticaficcion.com\/wp-content\/uploads\/2021\/07\/thegolemandthejinni.jpg\"><img loading=\"lazy\" decoding=\"async\" width=\"318\" height=\"475\" src=\"https:\/\/www.fantasticaficcion.com\/wp-content\/uploads\/2021\/07\/thegolemandthejinni.jpg\" alt=\"\" class=\"wp-image-12180\" srcset=\"https:\/\/www.fantasticaficcion.com\/wp-content\/uploads\/2021\/07\/thegolemandthejinni.jpg 318w, https:\/\/www.fantasticaficcion.com\/wp-content\/uploads\/2021\/07\/thegolemandthejinni-201x300.jpg 201w\" sizes=\"auto, (max-width: 318px) 100vw, 318px\" \/><\/a><\/figure><\/div>\n\n\n\n<p><strong><em>The Golem and the Jinni<\/em><\/strong> se public\u00f3 en espa\u00f1ol como <strong><em>Los viajeros de la noche<\/em><\/strong> (imaginaci\u00f3n al poder), con traducci\u00f3n de Isabel Margel\u00ed y quiz\u00e1 no tuvo mucha repercusi\u00f3n dentro del fandom debido a que sali\u00f3 en una colecci\u00f3n de literatura generalista, aunque es innegable su adscripci\u00f3n al g\u00e9nero fant\u00e1stico. O s\u00ed la tuvo y yo no me enter\u00e9, estas cosas pasan.<\/p>\n\n\n\n<p>La novela se sit\u00faa a finales del siglo XIX en la ciudad de Nueva York con dos personajes que por su propia naturaleza desconocen las relaciones humanas, pero se ven inmersas en ellas por casualidad. La autora aprovecha esta circunstancia para hablar sobre la sociedad de la \u00e9poca y sobre las comunidades jud\u00eda y siria que se establecieron en la Gran Manzana, junto con la llegada de miles de inmigrantes de muy diversos or\u00edgenes. Tambi\u00e9n sobre el libre albedr\u00edo y el hedonismo, sobre opciones vitales y diferencias entre hombres y mujeres.<\/p>\n\n\n\n<p>Es un libro que est\u00e1 muy bien escrito y sobre todo que engarza de manera maravillosa las historias de los personajes secundarios con la principal. Cada una de estas aportaciones o de los <em>flashbacks<\/em> sobre el pasado del jinni y el del creador de la golem, son los ladrillos con los que Helene Wecker va creando su historia, sin que haya huecos perceptibles y unidos con la argamasa de la hipn\u00f3tica prosa de la autora.<\/p>\n\n\n\n<p>En la parte negativa cabe destacar que el libro es bastante largo y a veces el ritmo se vuelve algo pesado, un problema de sobra compensando con las cuestiones filos\u00f3ficas que ya mencion\u00e9 anteriormente y que dejan poso en el lector. El uso por parte de la autora de un momento de la historia en el que la inmigraci\u00f3n era bienvenida y requerida para el sustento del pa\u00eds contrasta de manera casi dolorosa con la situaci\u00f3n actual.<\/p>\n\n\n\n<p>He disfrutado de la versi\u00f3n en audio de la novela, George Guidall hace una labor encomiable dando voz y personalidad a cada uno de los personajes.<\/p>\n\n\n\n<p>Adem\u00e1s, durante la lectura de la novela descubr\u00ed que ya est\u00e1 disponible la segunda parte, as\u00ed que no descarto volver a la senda de las novedades con <strong><em>The Hidden Palace<\/em><\/strong>.<\/p>\n","protected":false},"excerpt":{"rendered":"<p>A los que piensen que solo leo novedades les dir\u00e9 que tienen toda la raz\u00f3n del mundo, pero tambi\u00e9n que a veces recupero alg\u00fan libro que pasara por debajo del radar por la raz\u00f3n que fuera en su momento. The Golem and the Jinni se public\u00f3 en espa\u00f1ol como Los viajeros de la noche (imaginaci\u00f3n &hellip; <\/p>\n<p class=\"link-more\"><a href=\"https:\/\/www.fantasticaficcion.com\/index.php\/the-golem-and-the-jinni\/\" class=\"more-link\">Continuar leyendo<span class=\"screen-reader-text\"> &#8220;The Golem and the Jinni&#8221;<\/span><\/a><\/p>\n","protected":false},"author":1,"featured_media":12180,"comment_status":"open","ping_status":"open","sticky":false,"template":"","format":"standard","meta":{"jetpack_post_was_ever_published":false,"_jetpack_newsletter_access":"","_jetpack_dont_email_post_to_subs":false,"_jetpack_newsletter_tier_id":0,"_jetpack_memberships_contains_paywalled_content":false,"_jetpack_memberships_contains_paid_content":false,"footnotes":""},"categories":[5],"tags":[212,664,885,9,8],"class_list":["post-12179","post","type-post","status-publish","format-standard","has-post-thumbnail","hentry","category-fantasia","tag-audiolibros","tag-fantasia","tag-helene-wecker","tag-libros-en-ingles","tag-resenas"],"jetpack_featured_media_url":"https:\/\/www.fantasticaficcion.com\/wp-content\/uploads\/2021\/07\/thegolemandthejinni.jpg","jetpack_shortlink":"https:\/\/wp.me\/p5fEpk-3ar","jetpack_sharing_enabled":true,"_links":{"self":[{"href":"https:\/\/www.fantasticaficcion.com\/index.php\/wp-json\/wp\/v2\/posts\/12179","targetHints":{"allow":["GET"]}}],"collection":[{"href":"https:\/\/www.fantasticaficcion.com\/index.php\/wp-json\/wp\/v2\/posts"}],"about":[{"href":"https:\/\/www.fantasticaficcion.com\/index.php\/wp-json\/wp\/v2\/types\/post"}],"author":[{"embeddable":true,"href":"https:\/\/www.fantasticaficcion.com\/index.php\/wp-json\/wp\/v2\/users\/1"}],"replies":[{"embeddable":true,"href":"https:\/\/www.fantasticaficcion.com\/index.php\/wp-json\/wp\/v2\/comments?post=12179"}],"version-history":[{"count":3,"href":"https:\/\/www.fantasticaficcion.com\/index.php\/wp-json\/wp\/v2\/posts\/12179\/revisions"}],"predecessor-version":[{"id":12183,"href":"https:\/\/www.fantasticaficcion.com\/index.php\/wp-json\/wp\/v2\/posts\/12179\/revisions\/12183"}],"wp:featuredmedia":[{"embeddable":true,"href":"https:\/\/www.fantasticaficcion.com\/index.php\/wp-json\/wp\/v2\/media\/12180"}],"wp:attachment":[{"href":"https:\/\/www.fantasticaficcion.com\/index.php\/wp-json\/wp\/v2\/media?parent=12179"}],"wp:term":[{"taxonomy":"category","embeddable":true,"href":"https:\/\/www.fantasticaficcion.com\/index.php\/wp-json\/wp\/v2\/categories?post=12179"},{"taxonomy":"post_tag","embeddable":true,"href":"https:\/\/www.fantasticaficcion.com\/index.php\/wp-json\/wp\/v2\/tags?post=12179"}],"curies":[{"name":"wp","href":"https:\/\/api.w.org\/{rel}","templated":true}]}}