{"id":12121,"date":"2021-08-09T05:30:00","date_gmt":"2021-08-09T05:30:00","guid":{"rendered":"http:\/\/www.fantasticaficcion.com\/?p=12121"},"modified":"2021-08-05T06:09:25","modified_gmt":"2021-08-05T06:09:25","slug":"cinco-recomendaciones-de-comics-de-genero-que-se-pueden-encontrar-en-librerias","status":"publish","type":"post","link":"https:\/\/www.fantasticaficcion.com\/index.php\/cinco-recomendaciones-de-comics-de-genero-que-se-pueden-encontrar-en-librerias\/","title":{"rendered":"Cinco recomendaciones de c\u00f3mics de g\u00e9nero que se pueden encontrar en librer\u00edas"},"content":{"rendered":"\n<p>No me considero una experta en tebeos, aunque me gusta mucho leerlos y disfruto incluso m\u00e1s de las relecturas, algo que no suelo hacer por ejemplo con los libros. Partiendo de esta base y principalmente por que mi amigo El\u00edas me inst\u00f3 a hacerlo, me salgo un poco de la tem\u00e1tica habitual del blog y del campo en el que mejor creo que me defiendo para hacer esta peque\u00f1a incursi\u00f3n, que espero sea de vuestro agrado.<\/p>\n\n\n\n<p><strong><em>Giganta<\/em><\/strong>, con gui\u00f3n de Jean-Christophe Deveney y dibujo de N\u00faria Tamarit&nbsp;<\/p>\n\n\n\n<div class=\"wp-block-image\"><figure class=\"aligncenter size-large\"><a href=\"https:\/\/www.fantasticaficcion.com\/wp-content\/uploads\/2021\/06\/giganta.jpg\"><img loading=\"lazy\" decoding=\"async\" width=\"474\" height=\"611\" src=\"https:\/\/www.fantasticaficcion.com\/wp-content\/uploads\/2021\/06\/giganta.jpg\" alt=\"\" class=\"wp-image-12122\" srcset=\"https:\/\/www.fantasticaficcion.com\/wp-content\/uploads\/2021\/06\/giganta.jpg 474w, https:\/\/www.fantasticaficcion.com\/wp-content\/uploads\/2021\/06\/giganta-233x300.jpg 233w\" sizes=\"auto, (max-width: 474px) 100vw, 474px\" \/><\/a><\/figure><\/div>\n\n\n\n<p><strong><em>Giganta <\/em><\/strong>es un tebeo que tiene muchas lecturas. Es indudable que entra primero por el ojo, con ese dibujo un tanto naif, pero lo que m\u00e1s me gusta de su encomiable labor es el color, c\u00f3mo lo aplica para acompa\u00f1ar la historia, creando una paleta propia, tomando como base esos ojos totalmente azules y esa melena pelirroja y expandi\u00e9ndolo por todo el mundo. Es un tebeo con ligeros toques fant\u00e1sticos, siendo l\u00f3gicamente el primero la propia existencia de Celeste, una gigante abandonada a la que adopta una familia de granjeros. La obra recuerda los cuentos populares (en este sentido tambi\u00e9n se ha publicado recientemente<strong><em> El Enebro<\/em><\/strong>, obra en solitario de Tamarit), pero le a\u00f1ade un tono feminista y reivindicativo, con la curiosidad por bandera, que consigue que la obra nos ofrezca mucho en las relecturas.<\/p>\n\n\n\n<p><strong><em>Semillas<\/em><\/strong>, con gui\u00f3n de Ann Nocenti y dibujo de David Aja<\/p>\n\n\n\n<div class=\"wp-block-image\"><figure class=\"aligncenter size-large\"><a href=\"https:\/\/www.fantasticaficcion.com\/wp-content\/uploads\/2021\/06\/semillas.jpg\"><img loading=\"lazy\" decoding=\"async\" width=\"474\" height=\"693\" src=\"https:\/\/www.fantasticaficcion.com\/wp-content\/uploads\/2021\/06\/semillas.jpg\" alt=\"\" class=\"wp-image-12124\" srcset=\"https:\/\/www.fantasticaficcion.com\/wp-content\/uploads\/2021\/06\/semillas.jpg 474w, https:\/\/www.fantasticaficcion.com\/wp-content\/uploads\/2021\/06\/semillas-205x300.jpg 205w\" sizes=\"auto, (max-width: 474px) 100vw, 474px\" \/><\/a><\/figure><\/div>\n\n\n\n<p>La ciencia ficci\u00f3n es un g\u00e9nero que se adapta especialmente bien al c\u00f3mic, donde no existen m\u00e1s cortapisas que la imaginaci\u00f3n del autor. Con <strong><em>Semillas<\/em><\/strong>, nos introduciremos directamente en una narraci\u00f3n de futuro cercano, una terrible distop\u00eda con cambio clim\u00e1tico y primer encuentro con los alien\u00edgenas, pero tambi\u00e9n con teor\u00edas conspiranoicas, desigualdad social y una serie de contrastes duales que remueven las entra\u00f1as. La narraci\u00f3n visual de Aja que podr\u00eda parecer en un principio estar constre\u00f1ida por la rigidez de la elecci\u00f3n de las vi\u00f1etas y una paleta verde apagada que no atrae nuestra visi\u00f3n en un primer vistazo,  se pone a la disposici\u00f3n de un guion muy cr\u00edtico y algo denso, que usa un recurso bastante com\u00fan (el primer contacto) para enfatizar la destrucci\u00f3n de la sociedad actual. <strong><em>Semillas<\/em><\/strong> es una historia amarga para hacernos reflexionar.<\/p>\n\n\n\n<p><strong><em>La Mazmorra<\/em><\/strong>, de Joann Sfar,&nbsp;Lewis Trondheim,&nbsp;Boulet y varios autores m\u00e1s<\/p>\n\n\n\n<div class=\"wp-block-image\"><figure class=\"aligncenter size-large\"><a href=\"https:\/\/www.fantasticaficcion.com\/wp-content\/uploads\/2021\/07\/lamazmorraintegral.jpeg\"><img loading=\"lazy\" decoding=\"async\" width=\"462\" height=\"600\" src=\"https:\/\/www.fantasticaficcion.com\/wp-content\/uploads\/2021\/07\/lamazmorraintegral.jpeg\" alt=\"\" class=\"wp-image-12192\" srcset=\"https:\/\/www.fantasticaficcion.com\/wp-content\/uploads\/2021\/07\/lamazmorraintegral.jpeg 462w, https:\/\/www.fantasticaficcion.com\/wp-content\/uploads\/2021\/07\/lamazmorraintegral-231x300.jpeg 231w\" sizes=\"auto, (max-width: 462px) 100vw, 462px\" \/><\/a><\/figure><\/div>\n\n\n\n<p>Seguramente sea un poco trampa incluir aqu\u00ed la primera entrega de un recopilatorio de una obra extens\u00edsima, que a pesar de todo no cumpli\u00f3 la ambiciosa previsi\u00f3n de cientos de n\u00fameros que sus autores planificaron. Todo un cl\u00e1sico del g\u00e9nero fant\u00e1stico, en sus p\u00e1ginas nos encontraremos un desfile de animales antropom\u00f3rficos que representan casi todas los tropos de la fantas\u00eda \u00e9pica m\u00e1s tradicional. Quiz\u00e1 la caracter\u00edstica que mejor define La Mazmorra es el humor a raudales que impregna cada una de sus p\u00e1ginas, aunque hay que reconocer que la historia tiene una profundidad quiz\u00e1 inesperada en una lectura casual. El color de Boulet sirve como elemento unificador en toda la saga, que entrelaza aventuras y desventuras que encantar\u00e1n al lector.<\/p>\n\n\n\n<p><strong><em>Nimona<\/em><\/strong>, de Noelle Stevenson<\/p>\n\n\n\n<div class=\"wp-block-image\"><figure class=\"aligncenter size-full\"><a href=\"https:\/\/www.fantasticaficcion.com\/wp-content\/uploads\/2021\/07\/nimona.jpg\"><img loading=\"lazy\" decoding=\"async\" width=\"280\" height=\"420\" src=\"https:\/\/www.fantasticaficcion.com\/wp-content\/uploads\/2021\/07\/nimona.jpg\" alt=\"\" class=\"wp-image-12211\" srcset=\"https:\/\/www.fantasticaficcion.com\/wp-content\/uploads\/2021\/07\/nimona.jpg 280w, https:\/\/www.fantasticaficcion.com\/wp-content\/uploads\/2021\/07\/nimona-200x300.jpg 200w\" sizes=\"auto, (max-width: 280px) 100vw, 280px\" \/><\/a><\/figure><\/div>\n\n\n\n<p><strong><em>Nimona <\/em><\/strong>es una obra que se public\u00f3 originariamente en formato <em>webcomic<\/em>, pero hay que reconocer que su transici\u00f3n al papel es estupenda, no hay ning\u00fan problema de lectura en este formato. Se trata de una obra fant\u00e1stica que da una nueva vuelta de tuerca a la idea del villano que en el fondo no lo es tanto, pero esta vez dando todo el protagonismo al secundario de lujo, la cambiaformas Nimona. El dibujo es bastante estilizado, pero lo que m\u00e1s me gusta es el uso del color y en especial de las sombras, sobre todo en el \u00faltimo tercio del tebeo, donde Stevenson juega con la luz y la oscuridad de una forma visual del mismo modo que lo hace desde el principio de una forma narrativa. La obra est\u00e1 impregnada de humor y aunque se podr\u00eda recomendar perfectamente a un lector juvenil, tiene cierta profundidad en la historia que hace la lectura muy satisfactoria. Y para rematar, unos toques de ciencia para hacerla m\u00e1s atemporal. Aunque ya tiene sus a\u00f1os, ha sido reeditada recientemente por Astiberri. Y la autora es una de las invitadas del a\u00f1o que viene para el festival Celsius, as\u00ed que los afortunados que vayan podr\u00e1n conocerla en carne y  hueso.<\/p>\n\n\n\n<p><strong><em>Ether<\/em><\/strong>, de Matt Kindt y David Rub\u00edn<\/p>\n\n\n\n<div class=\"wp-block-image\"><figure class=\"aligncenter size-large is-resized\"><a href=\"https:\/\/www.fantasticaficcion.com\/wp-content\/uploads\/2017\/04\/ether1.jpg\"><img loading=\"lazy\" decoding=\"async\" src=\"https:\/\/www.fantasticaficcion.com\/wp-content\/uploads\/2017\/04\/ether1-720x1024.jpg\" alt=\"\" class=\"wp-image-7169\" width=\"358\" height=\"509\" srcset=\"https:\/\/www.fantasticaficcion.com\/wp-content\/uploads\/2017\/04\/ether1-720x1024.jpg 720w, https:\/\/www.fantasticaficcion.com\/wp-content\/uploads\/2017\/04\/ether1-211x300.jpg 211w, https:\/\/www.fantasticaficcion.com\/wp-content\/uploads\/2017\/04\/ether1-624x888.jpg 624w, https:\/\/www.fantasticaficcion.com\/wp-content\/uploads\/2017\/04\/ether1.jpg 736w\" sizes=\"auto, (max-width: 358px) 100vw, 358px\" \/><\/a><\/figure><\/div>\n\n\n\n<p><strong><em>Ether <\/em><\/strong>es una obra publicada en Espa\u00f1a en tres vol\u00famenes, pero aunque est\u00e9 dividida en varios arcos argumentales me gustar\u00eda tratarla como un solo elemento. Bebiendo de elementos pulp y mezclando fantas\u00eda y ciencia ficci\u00f3n con una imaginaci\u00f3n desmesurada seguiremos las andanzas de Boone Dias, un cient\u00edfico detective que explora el Ether, una especie de dimensi\u00f3n m\u00e1gica a la que se puede acceder desde la Tierra en ciertas condiciones muy especiales. Sin entrar m\u00e1s en el argumento para que el propio lector vaya descubri\u00e9ndolo todo, hay que quitarse el sombrero ante la colaboraci\u00f3n de estos dos colegas, ya que la compenetraci\u00f3n entre dibujo y guion es palpable en cada esquina. Rub\u00edn ya nos tiene acostumbrados a unas disposiciones de vi\u00f1etas que son una lecci\u00f3n sobre el noveno arte en s\u00ed mismas, pero en esta obra da el do de pecho creando todo un universo desde cero, con un dise\u00f1o de personajes maravilloso y fascinante. Es una obra para disfrutar y recrearse en cada vi\u00f1eta, y para volver a visitar cada cierto tiempo siempre que tengamos ganas de descubrir nuevos detalles.<\/p>\n\n\n\n<p>Espero que os haya gustado esta peque\u00f1a incursi\u00f3n en los c\u00f3mics y si quer\u00e9is que haga alg\u00fan art\u00edculo m\u00e1s de este tipo, hac\u00e9dmelo saber en los comentarios o v\u00eda Twitter (@MLeticiaLara). Espero que le haya gustado especialmente al culpable de todo esto.<\/p>\n","protected":false},"excerpt":{"rendered":"<p>No me considero una experta en tebeos, aunque me gusta mucho leerlos y disfruto incluso m\u00e1s de las relecturas, algo que no suelo hacer por ejemplo con los libros. Partiendo de esta base y principalmente por que mi amigo El\u00edas me inst\u00f3 a hacerlo, me salgo un poco de la tem\u00e1tica habitual del blog y &hellip; <\/p>\n<p class=\"link-more\"><a href=\"https:\/\/www.fantasticaficcion.com\/index.php\/cinco-recomendaciones-de-comics-de-genero-que-se-pueden-encontrar-en-librerias\/\" class=\"more-link\">Continuar leyendo<span class=\"screen-reader-text\"> &#8220;Cinco recomendaciones de c\u00f3mics de g\u00e9nero que se pueden encontrar en librer\u00edas&#8221;<\/span><\/a><\/p>\n","protected":false},"author":1,"featured_media":12122,"comment_status":"open","ping_status":"open","sticky":false,"template":"","format":"standard","meta":{"jetpack_post_was_ever_published":false,"_jetpack_newsletter_access":"","_jetpack_dont_email_post_to_subs":false,"_jetpack_newsletter_tier_id":0,"_jetpack_memberships_contains_paywalled_content":false,"_jetpack_memberships_contains_paid_content":false,"footnotes":""},"categories":[830,10,62,5],"tags":[668,8],"class_list":["post-12121","post","type-post","status-publish","format-standard","has-post-thumbnail","hentry","category-artistas","category-ciencia-ficcion-2","category-comic","category-fantasia","tag-comic","tag-resenas"],"jetpack_featured_media_url":"https:\/\/www.fantasticaficcion.com\/wp-content\/uploads\/2021\/06\/giganta.jpg","jetpack_shortlink":"https:\/\/wp.me\/p5fEpk-39v","jetpack_sharing_enabled":true,"_links":{"self":[{"href":"https:\/\/www.fantasticaficcion.com\/index.php\/wp-json\/wp\/v2\/posts\/12121","targetHints":{"allow":["GET"]}}],"collection":[{"href":"https:\/\/www.fantasticaficcion.com\/index.php\/wp-json\/wp\/v2\/posts"}],"about":[{"href":"https:\/\/www.fantasticaficcion.com\/index.php\/wp-json\/wp\/v2\/types\/post"}],"author":[{"embeddable":true,"href":"https:\/\/www.fantasticaficcion.com\/index.php\/wp-json\/wp\/v2\/users\/1"}],"replies":[{"embeddable":true,"href":"https:\/\/www.fantasticaficcion.com\/index.php\/wp-json\/wp\/v2\/comments?post=12121"}],"version-history":[{"count":6,"href":"https:\/\/www.fantasticaficcion.com\/index.php\/wp-json\/wp\/v2\/posts\/12121\/revisions"}],"predecessor-version":[{"id":12249,"href":"https:\/\/www.fantasticaficcion.com\/index.php\/wp-json\/wp\/v2\/posts\/12121\/revisions\/12249"}],"wp:featuredmedia":[{"embeddable":true,"href":"https:\/\/www.fantasticaficcion.com\/index.php\/wp-json\/wp\/v2\/media\/12122"}],"wp:attachment":[{"href":"https:\/\/www.fantasticaficcion.com\/index.php\/wp-json\/wp\/v2\/media?parent=12121"}],"wp:term":[{"taxonomy":"category","embeddable":true,"href":"https:\/\/www.fantasticaficcion.com\/index.php\/wp-json\/wp\/v2\/categories?post=12121"},{"taxonomy":"post_tag","embeddable":true,"href":"https:\/\/www.fantasticaficcion.com\/index.php\/wp-json\/wp\/v2\/tags?post=12121"}],"curies":[{"name":"wp","href":"https:\/\/api.w.org\/{rel}","templated":true}]}}