{"id":12053,"date":"2021-07-02T05:30:00","date_gmt":"2021-07-02T05:30:00","guid":{"rendered":"http:\/\/www.fantasticaficcion.com\/?p=12053"},"modified":"2021-06-07T10:00:30","modified_gmt":"2021-06-07T10:00:30","slug":"portada-de-until-the-last-of-me-de-sylvain-neuvel","status":"publish","type":"post","link":"https:\/\/www.fantasticaficcion.com\/index.php\/portada-de-until-the-last-of-me-de-sylvain-neuvel\/","title":{"rendered":"Portada de Until the Last of Me de Sylvain Neuvel"},"content":{"rendered":"\n<p>Ya sabemos c\u00f3mo ser\u00e1 la portada de la siguiente entrega de la serie <strong>Take Them to the Stars<\/strong>, cuyo t\u00edtulo ser\u00e1 <a href=\"https:\/\/www.tor.com\/2021\/05\/12\/cover-reveals-until-the-last-of-me-by-sylvain-neuvel\/\"><strong><em>Until the Last of Me<\/em><\/strong><\/a>, que se publicar\u00e1 en marzo de 2022. La novela est\u00e1 situada una generaci\u00f3n despu\u00e9s de los eventos acaecidos en <em><strong><a href=\"https:\/\/www.fantasticaficcion.com\/index.php\/a-history-of-what-comes-next\/\" data-type=\"post\" data-id=\"11700\">A History of What Comes Next<\/a><\/strong><\/em>.<\/p>\n\n\n\n<p>La portada tiene dise\u00f1o de Henry Sene Yee:<\/p>\n\n\n\n<figure class=\"wp-block-image size-large\"><a href=\"https:\/\/www.fantasticaficcion.com\/wp-content\/uploads\/2021\/06\/UntiltheLastofMe.jpg\"><img loading=\"lazy\" decoding=\"async\" width=\"640\" height=\"1024\" src=\"https:\/\/www.fantasticaficcion.com\/wp-content\/uploads\/2021\/06\/UntiltheLastofMe-640x1024.jpg\" alt=\"\" class=\"wp-image-12054\" srcset=\"https:\/\/www.fantasticaficcion.com\/wp-content\/uploads\/2021\/06\/UntiltheLastofMe-640x1024.jpg 640w, https:\/\/www.fantasticaficcion.com\/wp-content\/uploads\/2021\/06\/UntiltheLastofMe-188x300.jpg 188w, https:\/\/www.fantasticaficcion.com\/wp-content\/uploads\/2021\/06\/UntiltheLastofMe.jpg 740w\" sizes=\"auto, (max-width: 640px) 100vw, 640px\" \/><\/a><\/figure>\n","protected":false},"excerpt":{"rendered":"<p>Ya sabemos c\u00f3mo ser\u00e1 la portada de la siguiente entrega de la serie Take Them to the Stars, cuyo t\u00edtulo ser\u00e1 Until the Last of Me, que se publicar\u00e1 en marzo de 2022. La novela est\u00e1 situada una generaci\u00f3n despu\u00e9s de los eventos acaecidos en A History of What Comes Next. La portada tiene dise\u00f1o &hellip; <\/p>\n<p class=\"link-more\"><a href=\"https:\/\/www.fantasticaficcion.com\/index.php\/portada-de-until-the-last-of-me-de-sylvain-neuvel\/\" class=\"more-link\">Continuar leyendo<span class=\"screen-reader-text\"> &#8220;Portada de Until the Last of Me de Sylvain Neuvel&#8221;<\/span><\/a><\/p>\n","protected":false},"author":1,"featured_media":12054,"comment_status":"open","ping_status":"open","sticky":false,"template":"","format":"standard","meta":{"jetpack_post_was_ever_published":false,"_jetpack_newsletter_access":"","_jetpack_dont_email_post_to_subs":false,"_jetpack_newsletter_tier_id":0,"_jetpack_memberships_contains_paywalled_content":false,"_jetpack_memberships_contains_paid_content":false,"footnotes":""},"categories":[10],"tags":[190,96,772,1338],"class_list":["post-12053","post","type-post","status-publish","format-standard","has-post-thumbnail","hentry","category-ciencia-ficcion-2","tag-noticias","tag-portadas","tag-sylvain-neuvel","tag-tor-com"],"jetpack_featured_media_url":"https:\/\/www.fantasticaficcion.com\/wp-content\/uploads\/2021\/06\/UntiltheLastofMe.jpg","jetpack_shortlink":"https:\/\/wp.me\/p5fEpk-38p","jetpack_sharing_enabled":true,"_links":{"self":[{"href":"https:\/\/www.fantasticaficcion.com\/index.php\/wp-json\/wp\/v2\/posts\/12053","targetHints":{"allow":["GET"]}}],"collection":[{"href":"https:\/\/www.fantasticaficcion.com\/index.php\/wp-json\/wp\/v2\/posts"}],"about":[{"href":"https:\/\/www.fantasticaficcion.com\/index.php\/wp-json\/wp\/v2\/types\/post"}],"author":[{"embeddable":true,"href":"https:\/\/www.fantasticaficcion.com\/index.php\/wp-json\/wp\/v2\/users\/1"}],"replies":[{"embeddable":true,"href":"https:\/\/www.fantasticaficcion.com\/index.php\/wp-json\/wp\/v2\/comments?post=12053"}],"version-history":[{"count":1,"href":"https:\/\/www.fantasticaficcion.com\/index.php\/wp-json\/wp\/v2\/posts\/12053\/revisions"}],"predecessor-version":[{"id":12055,"href":"https:\/\/www.fantasticaficcion.com\/index.php\/wp-json\/wp\/v2\/posts\/12053\/revisions\/12055"}],"wp:featuredmedia":[{"embeddable":true,"href":"https:\/\/www.fantasticaficcion.com\/index.php\/wp-json\/wp\/v2\/media\/12054"}],"wp:attachment":[{"href":"https:\/\/www.fantasticaficcion.com\/index.php\/wp-json\/wp\/v2\/media?parent=12053"}],"wp:term":[{"taxonomy":"category","embeddable":true,"href":"https:\/\/www.fantasticaficcion.com\/index.php\/wp-json\/wp\/v2\/categories?post=12053"},{"taxonomy":"post_tag","embeddable":true,"href":"https:\/\/www.fantasticaficcion.com\/index.php\/wp-json\/wp\/v2\/tags?post=12053"}],"curies":[{"name":"wp","href":"https:\/\/api.w.org\/{rel}","templated":true}]}}