{"id":11989,"date":"2021-06-15T05:30:00","date_gmt":"2021-06-15T05:30:00","guid":{"rendered":"http:\/\/www.fantasticaficcion.com\/?p=11989"},"modified":"2021-05-14T06:29:02","modified_gmt":"2021-05-14T06:29:02","slug":"portada-de-spear-de-nicola-griffith","status":"publish","type":"post","link":"https:\/\/www.fantasticaficcion.com\/index.php\/portada-de-spear-de-nicola-griffith\/","title":{"rendered":"Portada de Spear de Nicola Griffith"},"content":{"rendered":"\n<p>Hace un tiempo nos hac\u00edamos eco de la futura publicaci\u00f3n de <strong><em><a href=\"https:\/\/www.fantasticaficcion.com\/index.php\/tor-com-publicara-una-novela-corta-de-nicola-griffith\/\" data-type=\"post\" data-id=\"11569\">Spear <\/a><\/em><\/strong>de Nicola Griffith. All\u00ed ya os puse la sinopsis as\u00ed que hoy os traigo c\u00f3mo ser\u00e1 la portada de esta reinterpretaci\u00f3n de los mitos art\u00faricos.<\/p>\n\n\n\n<p>La portada es de Rovina Cai con dise\u00f1o de Christine Foltzer:<\/p>\n\n\n\n<figure class=\"wp-block-image size-large\"><a href=\"https:\/\/www.fantasticaficcion.com\/wp-content\/uploads\/2021\/05\/Griffith-Spear-update.jpeg\"><img loading=\"lazy\" decoding=\"async\" width=\"640\" height=\"1024\" src=\"https:\/\/www.fantasticaficcion.com\/wp-content\/uploads\/2021\/05\/Griffith-Spear-update-640x1024.jpeg\" alt=\"\" class=\"wp-image-11990\" srcset=\"https:\/\/www.fantasticaficcion.com\/wp-content\/uploads\/2021\/05\/Griffith-Spear-update-640x1024.jpeg 640w, https:\/\/www.fantasticaficcion.com\/wp-content\/uploads\/2021\/05\/Griffith-Spear-update-188x300.jpeg 188w, https:\/\/www.fantasticaficcion.com\/wp-content\/uploads\/2021\/05\/Griffith-Spear-update.jpeg 740w\" sizes=\"auto, (max-width: 640px) 100vw, 640px\" \/><\/a><\/figure>\n","protected":false},"excerpt":{"rendered":"<p>Hace un tiempo nos hac\u00edamos eco de la futura publicaci\u00f3n de Spear de Nicola Griffith. All\u00ed ya os puse la sinopsis as\u00ed que hoy os traigo c\u00f3mo ser\u00e1 la portada de esta reinterpretaci\u00f3n de los mitos art\u00faricos. La portada es de Rovina Cai con dise\u00f1o de Christine Foltzer:<\/p>\n","protected":false},"author":1,"featured_media":11990,"comment_status":"open","ping_status":"open","sticky":false,"template":"","format":"standard","meta":{"jetpack_post_was_ever_published":false,"_jetpack_newsletter_access":"","_jetpack_dont_email_post_to_subs":false,"_jetpack_newsletter_tier_id":0,"_jetpack_memberships_contains_paywalled_content":false,"_jetpack_memberships_contains_paid_content":false,"footnotes":""},"categories":[5],"tags":[599,190,96],"class_list":["post-11989","post","type-post","status-publish","format-standard","has-post-thumbnail","hentry","category-fantasia","tag-nicola-griffith","tag-noticias","tag-portadas"],"jetpack_featured_media_url":"https:\/\/www.fantasticaficcion.com\/wp-content\/uploads\/2021\/05\/Griffith-Spear-update.jpeg","jetpack_shortlink":"https:\/\/wp.me\/p5fEpk-37n","jetpack_sharing_enabled":true,"_links":{"self":[{"href":"https:\/\/www.fantasticaficcion.com\/index.php\/wp-json\/wp\/v2\/posts\/11989","targetHints":{"allow":["GET"]}}],"collection":[{"href":"https:\/\/www.fantasticaficcion.com\/index.php\/wp-json\/wp\/v2\/posts"}],"about":[{"href":"https:\/\/www.fantasticaficcion.com\/index.php\/wp-json\/wp\/v2\/types\/post"}],"author":[{"embeddable":true,"href":"https:\/\/www.fantasticaficcion.com\/index.php\/wp-json\/wp\/v2\/users\/1"}],"replies":[{"embeddable":true,"href":"https:\/\/www.fantasticaficcion.com\/index.php\/wp-json\/wp\/v2\/comments?post=11989"}],"version-history":[{"count":1,"href":"https:\/\/www.fantasticaficcion.com\/index.php\/wp-json\/wp\/v2\/posts\/11989\/revisions"}],"predecessor-version":[{"id":11991,"href":"https:\/\/www.fantasticaficcion.com\/index.php\/wp-json\/wp\/v2\/posts\/11989\/revisions\/11991"}],"wp:featuredmedia":[{"embeddable":true,"href":"https:\/\/www.fantasticaficcion.com\/index.php\/wp-json\/wp\/v2\/media\/11990"}],"wp:attachment":[{"href":"https:\/\/www.fantasticaficcion.com\/index.php\/wp-json\/wp\/v2\/media?parent=11989"}],"wp:term":[{"taxonomy":"category","embeddable":true,"href":"https:\/\/www.fantasticaficcion.com\/index.php\/wp-json\/wp\/v2\/categories?post=11989"},{"taxonomy":"post_tag","embeddable":true,"href":"https:\/\/www.fantasticaficcion.com\/index.php\/wp-json\/wp\/v2\/tags?post=11989"}],"curies":[{"name":"wp","href":"https:\/\/api.w.org\/{rel}","templated":true}]}}