{"id":11764,"date":"2021-04-09T05:30:00","date_gmt":"2021-04-09T05:30:00","guid":{"rendered":"http:\/\/www.fantasticaficcion.com\/?p=11764"},"modified":"2021-02-26T09:01:47","modified_gmt":"2021-02-26T09:01:47","slug":"portada-de-the-splinter-king","status":"publish","type":"post","link":"https:\/\/www.fantasticaficcion.com\/index.php\/portada-de-the-splinter-king\/","title":{"rendered":"Portada de The Splinter King"},"content":{"rendered":"\n<p>Se ha desvelado cu\u00e1l ser\u00e1 la portada de <strong><em><a href=\"https:\/\/www.trackofwords.com\/2021\/01\/28\/cover-reveal-the-splinter-king-by-mike-brooks\/\">The Splinter King<\/a><\/em><\/strong>, la segunda entrega de la saga <em>The God-King Chronicles<\/em>, que Orbit publicar\u00e1 en julio.<\/p>\n\n\n\n<p>La portada es obra Anato Finnstark\u00a0con dise\u00f1o de\u00a0Matthew Burne.<\/p>\n\n\n\n<figure class=\"wp-block-image size-large\"><a href=\"https:\/\/www.fantasticaficcion.com\/wp-content\/uploads\/2021\/02\/The-Splinter-King-Cover-Full.jpg\"><img loading=\"lazy\" decoding=\"async\" width=\"663\" height=\"1024\" src=\"https:\/\/www.fantasticaficcion.com\/wp-content\/uploads\/2021\/02\/The-Splinter-King-Cover-Full-663x1024.jpg\" alt=\"\" class=\"wp-image-11765\" srcset=\"https:\/\/www.fantasticaficcion.com\/wp-content\/uploads\/2021\/02\/The-Splinter-King-Cover-Full-663x1024.jpg 663w, https:\/\/www.fantasticaficcion.com\/wp-content\/uploads\/2021\/02\/The-Splinter-King-Cover-Full-194x300.jpg 194w, https:\/\/www.fantasticaficcion.com\/wp-content\/uploads\/2021\/02\/The-Splinter-King-Cover-Full-768x1187.jpg 768w, https:\/\/www.fantasticaficcion.com\/wp-content\/uploads\/2021\/02\/The-Splinter-King-Cover-Full-994x1536.jpg 994w, https:\/\/www.fantasticaficcion.com\/wp-content\/uploads\/2021\/02\/The-Splinter-King-Cover-Full-1325x2048.jpg 1325w, https:\/\/www.fantasticaficcion.com\/wp-content\/uploads\/2021\/02\/The-Splinter-King-Cover-Full.jpg 1559w\" sizes=\"auto, (max-width: 663px) 100vw, 663px\" \/><\/a><\/figure>\n","protected":false},"excerpt":{"rendered":"<p>Se ha desvelado cu\u00e1l ser\u00e1 la portada de The Splinter King, la segunda entrega de la saga The God-King Chronicles, que Orbit publicar\u00e1 en julio. La portada es obra Anato Finnstark\u00a0con dise\u00f1o de\u00a0Matthew Burne.<\/p>\n","protected":false},"author":1,"featured_media":11765,"comment_status":"open","ping_status":"open","sticky":false,"template":"","format":"standard","meta":{"jetpack_post_was_ever_published":false,"_jetpack_newsletter_access":"","_jetpack_dont_email_post_to_subs":false,"_jetpack_newsletter_tier_id":0,"_jetpack_memberships_contains_paywalled_content":false,"_jetpack_memberships_contains_paid_content":false,"footnotes":""},"categories":[830,5],"tags":[1354,190,96],"class_list":["post-11764","post","type-post","status-publish","format-standard","has-post-thumbnail","hentry","category-artistas","category-fantasia","tag-mike-brooks","tag-noticias","tag-portadas"],"jetpack_featured_media_url":"https:\/\/www.fantasticaficcion.com\/wp-content\/uploads\/2021\/02\/The-Splinter-King-Cover-Full.jpg","jetpack_shortlink":"https:\/\/wp.me\/p5fEpk-33K","jetpack_sharing_enabled":true,"_links":{"self":[{"href":"https:\/\/www.fantasticaficcion.com\/index.php\/wp-json\/wp\/v2\/posts\/11764","targetHints":{"allow":["GET"]}}],"collection":[{"href":"https:\/\/www.fantasticaficcion.com\/index.php\/wp-json\/wp\/v2\/posts"}],"about":[{"href":"https:\/\/www.fantasticaficcion.com\/index.php\/wp-json\/wp\/v2\/types\/post"}],"author":[{"embeddable":true,"href":"https:\/\/www.fantasticaficcion.com\/index.php\/wp-json\/wp\/v2\/users\/1"}],"replies":[{"embeddable":true,"href":"https:\/\/www.fantasticaficcion.com\/index.php\/wp-json\/wp\/v2\/comments?post=11764"}],"version-history":[{"count":1,"href":"https:\/\/www.fantasticaficcion.com\/index.php\/wp-json\/wp\/v2\/posts\/11764\/revisions"}],"predecessor-version":[{"id":11766,"href":"https:\/\/www.fantasticaficcion.com\/index.php\/wp-json\/wp\/v2\/posts\/11764\/revisions\/11766"}],"wp:featuredmedia":[{"embeddable":true,"href":"https:\/\/www.fantasticaficcion.com\/index.php\/wp-json\/wp\/v2\/media\/11765"}],"wp:attachment":[{"href":"https:\/\/www.fantasticaficcion.com\/index.php\/wp-json\/wp\/v2\/media?parent=11764"}],"wp:term":[{"taxonomy":"category","embeddable":true,"href":"https:\/\/www.fantasticaficcion.com\/index.php\/wp-json\/wp\/v2\/categories?post=11764"},{"taxonomy":"post_tag","embeddable":true,"href":"https:\/\/www.fantasticaficcion.com\/index.php\/wp-json\/wp\/v2\/tags?post=11764"}],"curies":[{"name":"wp","href":"https:\/\/api.w.org\/{rel}","templated":true}]}}