{"id":11708,"date":"2021-03-18T05:30:00","date_gmt":"2021-03-18T05:30:00","guid":{"rendered":"http:\/\/www.fantasticaficcion.com\/?p=11708"},"modified":"2021-03-18T06:44:00","modified_gmt":"2021-03-18T06:44:00","slug":"portada-de-the-quantum-war","status":"publish","type":"post","link":"https:\/\/www.fantasticaficcion.com\/index.php\/portada-de-the-quantum-war\/","title":{"rendered":"Portada de The Quantum War"},"content":{"rendered":"\n<p>Derek Kunsken sigue caminando con paso firme en su saga Quantum Evolution y nosotros tan contentos de seguir ley\u00e9ndole. Hace poco se ha dado a conocer<a href=\"https:\/\/rebellionpublishing.com\/cover-reveal-the-quantum-war-by-derek-kunsken\/\"> cu\u00e1l ser\u00e1 la portada<\/a> de la tercera entrega, titulada <strong><em>The Quantum War<\/em><\/strong>. Solo tenemos que esperar al 12 de octubre para echarle el guante.<\/p>\n\n\n\n<figure class=\"wp-block-image size-large\"><a href=\"https:\/\/www.fantasticaficcion.com\/wp-content\/uploads\/2021\/02\/thequantumwar.jpg\"><img loading=\"lazy\" decoding=\"async\" width=\"662\" height=\"1024\" src=\"https:\/\/www.fantasticaficcion.com\/wp-content\/uploads\/2021\/02\/thequantumwar-662x1024.jpg\" alt=\"\" class=\"wp-image-11709\" srcset=\"https:\/\/www.fantasticaficcion.com\/wp-content\/uploads\/2021\/02\/thequantumwar-662x1024.jpg 662w, https:\/\/www.fantasticaficcion.com\/wp-content\/uploads\/2021\/02\/thequantumwar-194x300.jpg 194w, https:\/\/www.fantasticaficcion.com\/wp-content\/uploads\/2021\/02\/thequantumwar.jpg 768w\" sizes=\"auto, (max-width: 662px) 100vw, 662px\" \/><\/a><\/figure>\n\n\n\n<p>Aqu\u00ed la sinopsis:<\/p>\n\n\n\n<blockquote class=\"wp-block-quote is-layout-flow wp-block-quote-is-layout-flow\"><p>The Union-Congregate war rages onward and the Union\u2019s premier fighter pilots, the Homo Eridanus, start encountering deadly resistance from strange pilots on the Congregate side. Among wreckage, they find that new Congregate pilots aren\u2019t human, but&nbsp;<em>Homo quantus,&nbsp;<\/em>with strange wiring and AI connections.&nbsp;<\/p><p>At the same time, the Puppets come to the Union with offers of an alliance for a dangerous price: the rescue of the geneticist Antonio Del Casal who is a captive at Venus, with over a hundred&nbsp;<em>Homo quantus.&nbsp;<\/em><\/p><p>The only one who might be able to break through the Congregate defences at Venus is a con man who has given up his profession.<\/p><\/blockquote>\n\n\n\n<p>Mi traducci\u00f3n:<\/p>\n\n\n\n<blockquote class=\"wp-block-quote is-layout-flow wp-block-quote-is-layout-flow\"><p>La guerra entre la Uni\u00f3n y el Congregado contin\u00faa y los mejores pilotos, los Homo Eridanus, empiezan a encontrar una resistencia mort\u00edfera por parte de unos pilotos desconocidos del lado del Congregado. Entre los restos del combate descubren que los pilotos no son humanos, si no Homo Quantus con conexionados extra\u00f1os y conexiones con inteligencias artificiales.<\/p><p>Simult\u00e1neamente, los Puppets ofrecen una alianza a la Uni\u00f3n, pero exigen un precio: el rescate del investigador gen\u00e9tico Antonio Del Casal, prisionero en Venus juntos con una centena de Homo Quantus.<\/p><p>El \u00fanico que podr\u00eda introducirse entre las f\u00e9rreas defensas del Congregado en Venus es un timador que dej\u00f3 atr\u00e1s su profesi\u00f3n.<\/p><\/blockquote>\n","protected":false},"excerpt":{"rendered":"<p>Derek Kunsken sigue caminando con paso firme en su saga Quantum Evolution y nosotros tan contentos de seguir ley\u00e9ndole. Hace poco se ha dado a conocer cu\u00e1l ser\u00e1 la portada de la tercera entrega, titulada The Quantum War. Solo tenemos que esperar al 12 de octubre para echarle el guante. Aqu\u00ed la sinopsis: The Union-Congregate &hellip; <\/p>\n<p class=\"link-more\"><a href=\"https:\/\/www.fantasticaficcion.com\/index.php\/portada-de-the-quantum-war\/\" class=\"more-link\">Continuar leyendo<span class=\"screen-reader-text\"> &#8220;Portada de The Quantum War&#8221;<\/span><\/a><\/p>\n","protected":false},"author":1,"featured_media":11709,"comment_status":"open","ping_status":"open","sticky":false,"template":"","format":"standard","meta":{"jetpack_post_was_ever_published":false,"_jetpack_newsletter_access":"","_jetpack_dont_email_post_to_subs":false,"_jetpack_newsletter_tier_id":0,"_jetpack_memberships_contains_paywalled_content":false,"_jetpack_memberships_contains_paid_content":false,"footnotes":""},"categories":[830,10],"tags":[1085,190,96],"class_list":["post-11708","post","type-post","status-publish","format-standard","has-post-thumbnail","hentry","category-artistas","category-ciencia-ficcion-2","tag-derek-kunsken","tag-noticias","tag-portadas"],"jetpack_featured_media_url":"https:\/\/www.fantasticaficcion.com\/wp-content\/uploads\/2021\/02\/thequantumwar.jpg","jetpack_shortlink":"https:\/\/wp.me\/p5fEpk-32Q","jetpack_sharing_enabled":true,"_links":{"self":[{"href":"https:\/\/www.fantasticaficcion.com\/index.php\/wp-json\/wp\/v2\/posts\/11708","targetHints":{"allow":["GET"]}}],"collection":[{"href":"https:\/\/www.fantasticaficcion.com\/index.php\/wp-json\/wp\/v2\/posts"}],"about":[{"href":"https:\/\/www.fantasticaficcion.com\/index.php\/wp-json\/wp\/v2\/types\/post"}],"author":[{"embeddable":true,"href":"https:\/\/www.fantasticaficcion.com\/index.php\/wp-json\/wp\/v2\/users\/1"}],"replies":[{"embeddable":true,"href":"https:\/\/www.fantasticaficcion.com\/index.php\/wp-json\/wp\/v2\/comments?post=11708"}],"version-history":[{"count":2,"href":"https:\/\/www.fantasticaficcion.com\/index.php\/wp-json\/wp\/v2\/posts\/11708\/revisions"}],"predecessor-version":[{"id":11711,"href":"https:\/\/www.fantasticaficcion.com\/index.php\/wp-json\/wp\/v2\/posts\/11708\/revisions\/11711"}],"wp:featuredmedia":[{"embeddable":true,"href":"https:\/\/www.fantasticaficcion.com\/index.php\/wp-json\/wp\/v2\/media\/11709"}],"wp:attachment":[{"href":"https:\/\/www.fantasticaficcion.com\/index.php\/wp-json\/wp\/v2\/media?parent=11708"}],"wp:term":[{"taxonomy":"category","embeddable":true,"href":"https:\/\/www.fantasticaficcion.com\/index.php\/wp-json\/wp\/v2\/categories?post=11708"},{"taxonomy":"post_tag","embeddable":true,"href":"https:\/\/www.fantasticaficcion.com\/index.php\/wp-json\/wp\/v2\/tags?post=11708"}],"curies":[{"name":"wp","href":"https:\/\/api.w.org\/{rel}","templated":true}]}}