{"id":11675,"date":"2021-03-12T05:30:00","date_gmt":"2021-03-12T05:30:00","guid":{"rendered":"http:\/\/www.fantasticaficcion.com\/?p=11675"},"modified":"2021-02-11T11:21:05","modified_gmt":"2021-02-11T11:21:05","slug":"the-wolfs-call","status":"publish","type":"post","link":"https:\/\/www.fantasticaficcion.com\/index.php\/the-wolfs-call\/","title":{"rendered":"The Wolf&#8217;s Call"},"content":{"rendered":"\n<p>Al parecer la novela de debut de Anthony Ryan tuvo mucha repercusi\u00f3n en su tiempo, pero he de reconocer que yo no tengo recuerdo de haberla visto ni tan siquiera publicitada. Por curiosidad, me acerqu\u00e9 a <strong><em>The Wolf&#8217;s Call <\/em><\/strong>como un nuevo punto de entrada en ese universo, para ver si me interesaba la historia o la forma de escribir del autor, mas lo cierto es que se trata de una novela de fantas\u00eda correcta pero para nada innovadora. Reconozco que como no he le\u00eddo las obras anteriores, es posible que muchas referencias se me hayan pasado por alto, pero tambi\u00e9n puedo afirmar sin temor a duda que es una novela que se sostiene por s\u00ed misma.<\/p>\n\n\n\n<div class=\"wp-block-image\"><figure class=\"alignright size-large\"><a href=\"https:\/\/www.fantasticaficcion.com\/wp-content\/uploads\/2021\/02\/thewolfscall.jpg\"><img loading=\"lazy\" decoding=\"async\" width=\"315\" height=\"475\" src=\"https:\/\/www.fantasticaficcion.com\/wp-content\/uploads\/2021\/02\/thewolfscall.jpg\" alt=\"\" class=\"wp-image-11676\" srcset=\"https:\/\/www.fantasticaficcion.com\/wp-content\/uploads\/2021\/02\/thewolfscall.jpg 315w, https:\/\/www.fantasticaficcion.com\/wp-content\/uploads\/2021\/02\/thewolfscall-199x300.jpg 199w\" sizes=\"auto, (max-width: 315px) 100vw, 315px\" \/><\/a><\/figure><\/div>\n\n\n\n<p>El ascenso al poder y casi a la deidad del malvado de turno resulta atractivo por el simple hecho de que es el carisma del personaje el que obtiene la fidelidad de sus s\u00fabditos. El protagonista, Vaelin, es un h\u00e9roe que se ha retirado a vivir con tranquilidad y a pesar de que ser\u00eda el m\u00e1s adecuado para enfrentarse a este nuevo poder, no se convence de hacerlo hasta que las noticias de un antiguo amor suyo en manos del malvado llegan a sus o\u00eddos.<\/p>\n\n\n\n<p>Las escenas \u00e9picas est\u00e1n narradas con cierta econom\u00eda de medios, pero eso no les quita atractivo. El sistema m\u00e1gico es un poco aleatorio, cada uno desarrollar\u00e1 el poder que sea sin tener necesariamente una relaci\u00f3n causa efecto. El ritmo de la narraci\u00f3n est\u00e1 bastante bien conseguido, sin llegar a decaer a lo largo de las p\u00e1ginas, algo de agradecer en una novela de esta dimensi\u00f3n. El viaje que emprende Vaelin permite que Ryan explore las distintas sociedades que componen el Reino Unificado, algo que a\u00f1ade complejidad y sobre todo, da consistencia al escenario en el que desplegar\u00e1 a los personajes.<\/p>\n\n\n\n<p><strong><em>The Wolf&#8217;s Call<\/em><\/strong> me parece una novela de fantas\u00eda correcta con sus toques <em>grimdark<\/em> y cierto realismo sucio, que aunque no me ha terminado de convencer para dedicarme a la lectura de las entregas anteriores, si ha conseguido atraerme lo suficiente como para seguir con esta saga actual.<\/p>\n","protected":false},"excerpt":{"rendered":"<p>Al parecer la novela de debut de Anthony Ryan tuvo mucha repercusi\u00f3n en su tiempo, pero he de reconocer que yo no tengo recuerdo de haberla visto ni tan siquiera publicitada. Por curiosidad, me acerqu\u00e9 a The Wolf&#8217;s Call como un nuevo punto de entrada en ese universo, para ver si me interesaba la historia &hellip; <\/p>\n<p class=\"link-more\"><a href=\"https:\/\/www.fantasticaficcion.com\/index.php\/the-wolfs-call\/\" class=\"more-link\">Continuar leyendo<span class=\"screen-reader-text\"> &#8220;The Wolf&#8217;s Call&#8221;<\/span><\/a><\/p>\n","protected":false},"author":1,"featured_media":11676,"comment_status":"open","ping_status":"open","sticky":false,"template":"","format":"standard","meta":{"jetpack_post_was_ever_published":false,"_jetpack_newsletter_access":"","_jetpack_dont_email_post_to_subs":false,"_jetpack_newsletter_tier_id":0,"_jetpack_memberships_contains_paywalled_content":false,"_jetpack_memberships_contains_paid_content":false,"footnotes":""},"categories":[5],"tags":[1345,1308,9,8],"class_list":["post-11675","post","type-post","status-publish","format-standard","has-post-thumbnail","hentry","category-fantasia","tag-anthony-ryan","tag-fantasia-epica","tag-libros-en-ingles","tag-resenas"],"jetpack_featured_media_url":"https:\/\/www.fantasticaficcion.com\/wp-content\/uploads\/2021\/02\/thewolfscall.jpg","jetpack_shortlink":"https:\/\/wp.me\/p5fEpk-32j","jetpack_sharing_enabled":true,"_links":{"self":[{"href":"https:\/\/www.fantasticaficcion.com\/index.php\/wp-json\/wp\/v2\/posts\/11675","targetHints":{"allow":["GET"]}}],"collection":[{"href":"https:\/\/www.fantasticaficcion.com\/index.php\/wp-json\/wp\/v2\/posts"}],"about":[{"href":"https:\/\/www.fantasticaficcion.com\/index.php\/wp-json\/wp\/v2\/types\/post"}],"author":[{"embeddable":true,"href":"https:\/\/www.fantasticaficcion.com\/index.php\/wp-json\/wp\/v2\/users\/1"}],"replies":[{"embeddable":true,"href":"https:\/\/www.fantasticaficcion.com\/index.php\/wp-json\/wp\/v2\/comments?post=11675"}],"version-history":[{"count":1,"href":"https:\/\/www.fantasticaficcion.com\/index.php\/wp-json\/wp\/v2\/posts\/11675\/revisions"}],"predecessor-version":[{"id":11677,"href":"https:\/\/www.fantasticaficcion.com\/index.php\/wp-json\/wp\/v2\/posts\/11675\/revisions\/11677"}],"wp:featuredmedia":[{"embeddable":true,"href":"https:\/\/www.fantasticaficcion.com\/index.php\/wp-json\/wp\/v2\/media\/11676"}],"wp:attachment":[{"href":"https:\/\/www.fantasticaficcion.com\/index.php\/wp-json\/wp\/v2\/media?parent=11675"}],"wp:term":[{"taxonomy":"category","embeddable":true,"href":"https:\/\/www.fantasticaficcion.com\/index.php\/wp-json\/wp\/v2\/categories?post=11675"},{"taxonomy":"post_tag","embeddable":true,"href":"https:\/\/www.fantasticaficcion.com\/index.php\/wp-json\/wp\/v2\/tags?post=11675"}],"curies":[{"name":"wp","href":"https:\/\/api.w.org\/{rel}","templated":true}]}}