{"id":11505,"date":"2021-01-19T05:30:00","date_gmt":"2021-01-19T05:30:00","guid":{"rendered":"http:\/\/www.fantasticaficcion.com\/?p=11505"},"modified":"2020-12-11T11:01:42","modified_gmt":"2020-12-11T11:01:42","slug":"portada-de-the-hidden-palace","status":"publish","type":"post","link":"https:\/\/www.fantasticaficcion.com\/index.php\/portada-de-the-hidden-palace\/","title":{"rendered":"Portada de The Hidden Palace"},"content":{"rendered":"\n<p>Ya sabemos c\u00f3mo ser\u00e1 la portada de <a href=\"https:\/\/twitter.com\/helenewecker\/status\/1336001361503109121\/photo\/1\"><strong><em>The Hidden Palace<\/em><\/strong>,<\/a> la esperada continuaci\u00f3n de <strong><em>The Golem and the Jinni <\/em><\/strong>de Helene Wecker.<\/p>\n\n\n\n<figure class=\"wp-block-image size-large\"><a href=\"https:\/\/www.fantasticaficcion.com\/wp-content\/uploads\/2020\/12\/hiddenpalace-scaled.jpg\"><img loading=\"lazy\" decoding=\"async\" width=\"686\" height=\"1024\" src=\"https:\/\/www.fantasticaficcion.com\/wp-content\/uploads\/2020\/12\/hiddenpalace-686x1024.jpg\" alt=\"\" class=\"wp-image-11506\" srcset=\"https:\/\/www.fantasticaficcion.com\/wp-content\/uploads\/2020\/12\/hiddenpalace-686x1024.jpg 686w, https:\/\/www.fantasticaficcion.com\/wp-content\/uploads\/2020\/12\/hiddenpalace-201x300.jpg 201w, https:\/\/www.fantasticaficcion.com\/wp-content\/uploads\/2020\/12\/hiddenpalace-768x1147.jpg 768w, https:\/\/www.fantasticaficcion.com\/wp-content\/uploads\/2020\/12\/hiddenpalace-1028x1536.jpg 1028w, https:\/\/www.fantasticaficcion.com\/wp-content\/uploads\/2020\/12\/hiddenpalace-1371x2048.jpg 1371w, https:\/\/www.fantasticaficcion.com\/wp-content\/uploads\/2020\/12\/hiddenpalace-scaled.jpg 1714w\" sizes=\"auto, (max-width: 686px) 100vw, 686px\" \/><\/a><\/figure>\n\n\n\n<p>Como no he le\u00eddo la anterior, no se puede decir que estuviera esperando la continuaci\u00f3n, pero la novela tiene buenas referencias.<\/p>\n","protected":false},"excerpt":{"rendered":"<p>Ya sabemos c\u00f3mo ser\u00e1 la portada de The Hidden Palace, la esperada continuaci\u00f3n de The Golem and the Jinni de Helene Wecker. Como no he le\u00eddo la anterior, no se puede decir que estuviera esperando la continuaci\u00f3n, pero la novela tiene buenas referencias.<\/p>\n","protected":false},"author":1,"featured_media":11506,"comment_status":"open","ping_status":"open","sticky":false,"template":"","format":"standard","meta":{"jetpack_post_was_ever_published":false,"_jetpack_newsletter_access":"","_jetpack_dont_email_post_to_subs":false,"_jetpack_newsletter_tier_id":0,"_jetpack_memberships_contains_paywalled_content":false,"_jetpack_memberships_contains_paid_content":false,"footnotes":""},"categories":[5],"tags":[885,190,96],"class_list":["post-11505","post","type-post","status-publish","format-standard","has-post-thumbnail","hentry","category-fantasia","tag-helene-wecker","tag-noticias","tag-portadas"],"jetpack_featured_media_url":"https:\/\/www.fantasticaficcion.com\/wp-content\/uploads\/2020\/12\/hiddenpalace-scaled.jpg","jetpack_shortlink":"https:\/\/wp.me\/p5fEpk-2Zz","jetpack_sharing_enabled":true,"_links":{"self":[{"href":"https:\/\/www.fantasticaficcion.com\/index.php\/wp-json\/wp\/v2\/posts\/11505","targetHints":{"allow":["GET"]}}],"collection":[{"href":"https:\/\/www.fantasticaficcion.com\/index.php\/wp-json\/wp\/v2\/posts"}],"about":[{"href":"https:\/\/www.fantasticaficcion.com\/index.php\/wp-json\/wp\/v2\/types\/post"}],"author":[{"embeddable":true,"href":"https:\/\/www.fantasticaficcion.com\/index.php\/wp-json\/wp\/v2\/users\/1"}],"replies":[{"embeddable":true,"href":"https:\/\/www.fantasticaficcion.com\/index.php\/wp-json\/wp\/v2\/comments?post=11505"}],"version-history":[{"count":1,"href":"https:\/\/www.fantasticaficcion.com\/index.php\/wp-json\/wp\/v2\/posts\/11505\/revisions"}],"predecessor-version":[{"id":11507,"href":"https:\/\/www.fantasticaficcion.com\/index.php\/wp-json\/wp\/v2\/posts\/11505\/revisions\/11507"}],"wp:featuredmedia":[{"embeddable":true,"href":"https:\/\/www.fantasticaficcion.com\/index.php\/wp-json\/wp\/v2\/media\/11506"}],"wp:attachment":[{"href":"https:\/\/www.fantasticaficcion.com\/index.php\/wp-json\/wp\/v2\/media?parent=11505"}],"wp:term":[{"taxonomy":"category","embeddable":true,"href":"https:\/\/www.fantasticaficcion.com\/index.php\/wp-json\/wp\/v2\/categories?post=11505"},{"taxonomy":"post_tag","embeddable":true,"href":"https:\/\/www.fantasticaficcion.com\/index.php\/wp-json\/wp\/v2\/tags?post=11505"}],"curies":[{"name":"wp","href":"https:\/\/api.w.org\/{rel}","templated":true}]}}