{"id":11456,"date":"2020-12-25T05:30:00","date_gmt":"2020-12-25T05:30:00","guid":{"rendered":"http:\/\/www.fantasticaficcion.com\/?p=11456"},"modified":"2020-11-25T10:01:46","modified_gmt":"2020-11-25T10:01:46","slug":"portada-de-blindspace","status":"publish","type":"post","link":"https:\/\/www.fantasticaficcion.com\/index.php\/portada-de-blindspace\/","title":{"rendered":"Portada de Blindspace"},"content":{"rendered":"\n<p>Hasta octubre del a\u00f1o que viene no podremos leer <a href=\"https:\/\/www.grimdarkmagazine.com\/exclusive-cover-reveal-for-blindspace-by-jeremy-szal\/\">la nueva entrega de la saga<\/a> The Common de <a href=\"https:\/\/www.fantasticaficcion.com\/index.php\/entrevista-a-jeremy-szal\/\" data-type=\"post\" data-id=\"11293\">Jeremy Szal,<\/a> que comenz\u00f3 con <strong><em><a href=\"https:\/\/www.fantasticaficcion.com\/index.php\/stormblood\/\" data-type=\"post\" data-id=\"10935\">Stormblood<\/a><\/em><\/strong>. Pero esto no es impedimento para poder recrearnos en la estupenda portada que tendr\u00e1 el libro, que es de esas que te atrapa la mirada.<\/p>\n\n\n\n<figure class=\"wp-block-image size-large\"><img loading=\"lazy\" decoding=\"async\" width=\"668\" height=\"1024\" src=\"https:\/\/www.fantasticaficcion.com\/wp-content\/uploads\/2020\/11\/blindspace-1-668x1024.jpg\" alt=\"\" class=\"wp-image-11457\" srcset=\"https:\/\/www.fantasticaficcion.com\/wp-content\/uploads\/2020\/11\/blindspace-1-668x1024.jpg 668w, https:\/\/www.fantasticaficcion.com\/wp-content\/uploads\/2020\/11\/blindspace-1-196x300.jpg 196w, https:\/\/www.fantasticaficcion.com\/wp-content\/uploads\/2020\/11\/blindspace-1-768x1178.jpg 768w, https:\/\/www.fantasticaficcion.com\/wp-content\/uploads\/2020\/11\/blindspace-1.jpg 940w\" sizes=\"auto, (max-width: 668px) 100vw, 668px\" \/><\/figure>\n","protected":false},"excerpt":{"rendered":"<p>Hasta octubre del a\u00f1o que viene no podremos leer la nueva entrega de la saga The Common de Jeremy Szal, que comenz\u00f3 con Stormblood. Pero esto no es impedimento para poder recrearnos en la estupenda portada que tendr\u00e1 el libro, que es de esas que te atrapa la mirada.<\/p>\n","protected":false},"author":1,"featured_media":11457,"comment_status":"open","ping_status":"open","sticky":false,"template":"","format":"standard","meta":{"jetpack_post_was_ever_published":false,"_jetpack_newsletter_access":"","_jetpack_dont_email_post_to_subs":false,"_jetpack_newsletter_tier_id":0,"_jetpack_memberships_contains_paywalled_content":false,"_jetpack_memberships_contains_paid_content":false,"footnotes":""},"categories":[10],"tags":[1199,190,96],"class_list":["post-11456","post","type-post","status-publish","format-standard","has-post-thumbnail","hentry","category-ciencia-ficcion-2","tag-jeremy-szal","tag-noticias","tag-portadas"],"jetpack_featured_media_url":"https:\/\/www.fantasticaficcion.com\/wp-content\/uploads\/2020\/11\/blindspace-1.jpg","jetpack_shortlink":"https:\/\/wp.me\/p5fEpk-2YM","jetpack_sharing_enabled":true,"_links":{"self":[{"href":"https:\/\/www.fantasticaficcion.com\/index.php\/wp-json\/wp\/v2\/posts\/11456","targetHints":{"allow":["GET"]}}],"collection":[{"href":"https:\/\/www.fantasticaficcion.com\/index.php\/wp-json\/wp\/v2\/posts"}],"about":[{"href":"https:\/\/www.fantasticaficcion.com\/index.php\/wp-json\/wp\/v2\/types\/post"}],"author":[{"embeddable":true,"href":"https:\/\/www.fantasticaficcion.com\/index.php\/wp-json\/wp\/v2\/users\/1"}],"replies":[{"embeddable":true,"href":"https:\/\/www.fantasticaficcion.com\/index.php\/wp-json\/wp\/v2\/comments?post=11456"}],"version-history":[{"count":1,"href":"https:\/\/www.fantasticaficcion.com\/index.php\/wp-json\/wp\/v2\/posts\/11456\/revisions"}],"predecessor-version":[{"id":11458,"href":"https:\/\/www.fantasticaficcion.com\/index.php\/wp-json\/wp\/v2\/posts\/11456\/revisions\/11458"}],"wp:featuredmedia":[{"embeddable":true,"href":"https:\/\/www.fantasticaficcion.com\/index.php\/wp-json\/wp\/v2\/media\/11457"}],"wp:attachment":[{"href":"https:\/\/www.fantasticaficcion.com\/index.php\/wp-json\/wp\/v2\/media?parent=11456"}],"wp:term":[{"taxonomy":"category","embeddable":true,"href":"https:\/\/www.fantasticaficcion.com\/index.php\/wp-json\/wp\/v2\/categories?post=11456"},{"taxonomy":"post_tag","embeddable":true,"href":"https:\/\/www.fantasticaficcion.com\/index.php\/wp-json\/wp\/v2\/tags?post=11456"}],"curies":[{"name":"wp","href":"https:\/\/api.w.org\/{rel}","templated":true}]}}