{"id":11395,"date":"2020-12-10T05:30:00","date_gmt":"2020-12-10T05:30:00","guid":{"rendered":"http:\/\/www.fantasticaficcion.com\/?p=11395"},"modified":"2020-11-09T07:26:04","modified_gmt":"2020-11-09T07:26:04","slug":"the-invisible-life-of-addie-larue","status":"publish","type":"post","link":"https:\/\/www.fantasticaficcion.com\/index.php\/the-invisible-life-of-addie-larue\/","title":{"rendered":"The Invisible Life of Addie LaRue"},"content":{"rendered":"\n<p>Cada nuevo lanzamiento de V.E. Schwab es un fen\u00f3meno superventas internacional, as\u00ed que no es de extra\u00f1ar que en cuanto tuve la oportunidad de leer <strong><em>The Invisible Life of Addie LaRue<\/em><\/strong> no dudara en lanzarme a por \u00e9l. La tem\u00e1tica de un personaje que pasa por el tiempo sin que los dem\u00e1s sean capaces de acordarse de \u00e9l ya lo conoc\u00edamos por Claire North y <strong><em><a href=\"https:\/\/www.fantasticaficcion.com\/index.php\/the-sudden-appearance-of-hope\/\" data-type=\"post\" data-id=\"5843\">The Sudden Appearence of Hope<\/a><\/em><\/strong>, pero Schwab utiliza la mucho m\u00e1s tradicional aproximaci\u00f3n del pacto fa\u00fastico.<\/p>\n\n\n\n<div class=\"wp-block-image\"><figure class=\"alignright size-large is-resized\"><img loading=\"lazy\" decoding=\"async\" src=\"https:\/\/www.fantasticaficcion.com\/wp-content\/uploads\/2020\/11\/addielarue-674x1024.jpg\" alt=\"\" class=\"wp-image-11396\" width=\"288\" height=\"438\" srcset=\"https:\/\/www.fantasticaficcion.com\/wp-content\/uploads\/2020\/11\/addielarue-674x1024.jpg 674w, https:\/\/www.fantasticaficcion.com\/wp-content\/uploads\/2020\/11\/addielarue-197x300.jpg 197w, https:\/\/www.fantasticaficcion.com\/wp-content\/uploads\/2020\/11\/addielarue-768x1168.jpg 768w, https:\/\/www.fantasticaficcion.com\/wp-content\/uploads\/2020\/11\/addielarue-1010x1536.jpg 1010w, https:\/\/www.fantasticaficcion.com\/wp-content\/uploads\/2020\/11\/addielarue-1347x2048.jpg 1347w, https:\/\/www.fantasticaficcion.com\/wp-content\/uploads\/2020\/11\/addielarue.jpg 1684w\" sizes=\"auto, (max-width: 288px) 100vw, 288px\" \/><\/figure><\/div>\n\n\n\n<p>Addie es una joven francesa que a comienzos del siglo XVIII no se conforma con vivir la vida que parece predestinada para ella, limitada a las cuatro casas que constituyen su aldea y se niega a casarse y formar una familia. Sin embargo, parece que el destino conspira contra ella cuando la muerte de la esposa de un vecino del pueblo hace que sus ojos se vuelvan hacia ella en busca de una suplente que cr\u00ede a su descendencia. Desesperada por huir de este destino, suplica a los dioses del bosque que la liberen de estas cadenas, pero no se percata de que lo hace cuando los que pueden responder son las criaturas de las sombras.<\/p>\n\n\n\n<p>Los t\u00e9rminos del acuerdo al que llega le permiten ser pr\u00e1cticamente inmortal, pero \u00bfse puede llamar vida a una existencia en la que no es capaz de dejar huella en nadie? Addie va explorando poco a poco los l\u00edmites de su pacto y uno de los temas m\u00e1s interesantes del libro es la capacidad de inspirar ideas, que ella explota para ser musa de diversos creadores.<\/p>\n\n\n\n<p>Su existencia va pasando por altibajos hasta que en el a\u00f1o 2014, cuando vive en Nueva York, conoce a una persona que es capaz de recordarla&#8230; y todo cambiar\u00e1 para ella.<\/p>\n\n\n\n<p>Aunque la premisa del pacto con el diablo o con las fuerzas oscuras no es para nada novedosa, sent\u00eda mucho inter\u00e9s por ver que nos ofrec\u00eda la autora. Pero, por desgracia, me he encontrado con una oportunidad perdida, ya que de los trescientos a\u00f1os de vida de Addie solo se hace hincapi\u00e9 en el principio y en el final, dejando casi tres siglos a nuestra imaginaci\u00f3n con escas\u00edsimas pinceladas en forma de <em>flashbacks<\/em> que m\u00e1s que informar nos dejan entrever lo que podr\u00eda haber sido una narraci\u00f3n m\u00e1s interesante. Y a\u00fan as\u00ed, es innegable que el libro est\u00e1 inflado, que lo que se cuenta se podr\u00eda haber resumido much\u00edsimo y que no hac\u00edan falta tantas y tantas p\u00e1ginas para contar una historia que al final nos parece bastante manida y poco sorprendente. Tiene un tono que llega a resultar repetitivo y el romance sobre el que deber\u00eda girar la historia es anodino. Ha resultado una lectura bastante decepcionante.<\/p>\n","protected":false},"excerpt":{"rendered":"<p>Cada nuevo lanzamiento de V.E. Schwab es un fen\u00f3meno superventas internacional, as\u00ed que no es de extra\u00f1ar que en cuanto tuve la oportunidad de leer The Invisible Life of Addie LaRue no dudara en lanzarme a por \u00e9l. La tem\u00e1tica de un personaje que pasa por el tiempo sin que los dem\u00e1s sean capaces de &hellip; <\/p>\n<p class=\"link-more\"><a href=\"https:\/\/www.fantasticaficcion.com\/index.php\/the-invisible-life-of-addie-larue\/\" class=\"more-link\">Continuar leyendo<span class=\"screen-reader-text\"> &#8220;The Invisible Life of Addie LaRue&#8221;<\/span><\/a><\/p>\n","protected":false},"author":1,"featured_media":11396,"comment_status":"open","ping_status":"open","sticky":false,"template":"","format":"standard","meta":{"jetpack_post_was_ever_published":false,"_jetpack_newsletter_access":"","_jetpack_dont_email_post_to_subs":false,"_jetpack_newsletter_tier_id":0,"_jetpack_memberships_contains_paywalled_content":false,"_jetpack_memberships_contains_paid_content":false,"footnotes":""},"categories":[5],"tags":[664,9,8,627],"class_list":["post-11395","post","type-post","status-publish","format-standard","has-post-thumbnail","hentry","category-fantasia","tag-fantasia","tag-libros-en-ingles","tag-resenas","tag-v-e-schwab"],"jetpack_featured_media_url":"https:\/\/www.fantasticaficcion.com\/wp-content\/uploads\/2020\/11\/addielarue.jpg","jetpack_shortlink":"https:\/\/wp.me\/p5fEpk-2XN","jetpack_sharing_enabled":true,"_links":{"self":[{"href":"https:\/\/www.fantasticaficcion.com\/index.php\/wp-json\/wp\/v2\/posts\/11395","targetHints":{"allow":["GET"]}}],"collection":[{"href":"https:\/\/www.fantasticaficcion.com\/index.php\/wp-json\/wp\/v2\/posts"}],"about":[{"href":"https:\/\/www.fantasticaficcion.com\/index.php\/wp-json\/wp\/v2\/types\/post"}],"author":[{"embeddable":true,"href":"https:\/\/www.fantasticaficcion.com\/index.php\/wp-json\/wp\/v2\/users\/1"}],"replies":[{"embeddable":true,"href":"https:\/\/www.fantasticaficcion.com\/index.php\/wp-json\/wp\/v2\/comments?post=11395"}],"version-history":[{"count":2,"href":"https:\/\/www.fantasticaficcion.com\/index.php\/wp-json\/wp\/v2\/posts\/11395\/revisions"}],"predecessor-version":[{"id":11398,"href":"https:\/\/www.fantasticaficcion.com\/index.php\/wp-json\/wp\/v2\/posts\/11395\/revisions\/11398"}],"wp:featuredmedia":[{"embeddable":true,"href":"https:\/\/www.fantasticaficcion.com\/index.php\/wp-json\/wp\/v2\/media\/11396"}],"wp:attachment":[{"href":"https:\/\/www.fantasticaficcion.com\/index.php\/wp-json\/wp\/v2\/media?parent=11395"}],"wp:term":[{"taxonomy":"category","embeddable":true,"href":"https:\/\/www.fantasticaficcion.com\/index.php\/wp-json\/wp\/v2\/categories?post=11395"},{"taxonomy":"post_tag","embeddable":true,"href":"https:\/\/www.fantasticaficcion.com\/index.php\/wp-json\/wp\/v2\/tags?post=11395"}],"curies":[{"name":"wp","href":"https:\/\/api.w.org\/{rel}","templated":true}]}}