{"id":11365,"date":"2020-11-25T05:30:00","date_gmt":"2020-11-25T05:30:00","guid":{"rendered":"http:\/\/www.fantasticaficcion.com\/?p=11365"},"modified":"2020-10-27T09:47:06","modified_gmt":"2020-10-27T09:47:06","slug":"portada-de-inside-man","status":"publish","type":"post","link":"https:\/\/www.fantasticaficcion.com\/index.php\/portada-de-inside-man\/","title":{"rendered":"Portada de Inside Man"},"content":{"rendered":"\n<p>Aqu\u00ed os traigo la que ser\u00e1 portada de<a href=\"https:\/\/www.tor.com\/2020\/10\/22\/announcements-cover-reveals-k-j-parkers-inside-man-the-follow-up-to-prospers-demon\/\"> <strong><em>Inside Man<\/em><\/strong><\/a>, la continuaci\u00f3n de<strong><em><a href=\"https:\/\/www.fantasticaficcion.com\/index.php\/prospers-demon\/\" data-type=\"post\" data-id=\"10369\"> Proper&#8217;s Demon<\/a><\/em><\/strong>, de <a href=\"https:\/\/www.fantasticaficcion.com\/index.php\/k-j-parker-ingenieria-fantastica\/\" data-type=\"post\" data-id=\"10829\">K.J. Parker<\/a> editada por Jonathan Strahan. La fecha de publicaci\u00f3n es el 15 de junio del a\u00f1o que viene. <\/p>\n\n\n\n<p>En esta novela corta Parker vuelve al mundo amoral de <strong><em>Prosper&#8217;s Demon<\/em><\/strong>, que pone patas arriba la lucha eterna entre los demonios y los hombres.<\/p>\n\n\n\n<p>Como un representante an\u00f3nimo del Diablo, el Duque del infierno ha venido a menos y ahora es conocido por no cumplir los objetivos, y lleva gran parte de la eternidad en una tediosa existencia distrayendo a los monjes de sus oraciones. Es una labor interminable, pero lo prefiere as\u00ed, ya que sus superiores le han marcado como fr\u00e1gil, algo que no prefiere explicar. <\/p>\n\n\n\n<p>Todo cambia cuando se ven envuelto junto a un s\u00e1dico exorcista en una trama laber\u00edntica para subvertir la propia naturaleza del bien y el mal. En estas circunstancias, sentir empat\u00eda con el diablo es casi inevitable.<\/p>\n\n\n\n<p>Esta es la portada:<\/p>\n\n\n\n<figure class=\"wp-block-image size-large\"><img loading=\"lazy\" decoding=\"async\" width=\"640\" height=\"1024\" src=\"https:\/\/www.fantasticaficcion.com\/wp-content\/uploads\/2020\/10\/insideman-640x1024.jpg\" alt=\"\" class=\"wp-image-11366\" srcset=\"https:\/\/www.fantasticaficcion.com\/wp-content\/uploads\/2020\/10\/insideman-640x1024.jpg 640w, https:\/\/www.fantasticaficcion.com\/wp-content\/uploads\/2020\/10\/insideman-188x300.jpg 188w, https:\/\/www.fantasticaficcion.com\/wp-content\/uploads\/2020\/10\/insideman.jpg 740w\" sizes=\"auto, (max-width: 640px) 100vw, 640px\" \/><\/figure>\n","protected":false},"excerpt":{"rendered":"<p>Aqu\u00ed os traigo la que ser\u00e1 portada de Inside Man, la continuaci\u00f3n de Proper&#8217;s Demon, de K.J. Parker editada por Jonathan Strahan. La fecha de publicaci\u00f3n es el 15 de junio del a\u00f1o que viene. En esta novela corta Parker vuelve al mundo amoral de Prosper&#8217;s Demon, que pone patas arriba la lucha eterna entre &hellip; <\/p>\n<p class=\"link-more\"><a href=\"https:\/\/www.fantasticaficcion.com\/index.php\/portada-de-inside-man\/\" class=\"more-link\">Continuar leyendo<span class=\"screen-reader-text\"> &#8220;Portada de Inside Man&#8221;<\/span><\/a><\/p>\n","protected":false},"author":1,"featured_media":11366,"comment_status":"open","ping_status":"open","sticky":false,"template":"","format":"standard","meta":{"jetpack_post_was_ever_published":false,"_jetpack_newsletter_access":"","_jetpack_dont_email_post_to_subs":false,"_jetpack_newsletter_tier_id":0,"_jetpack_memberships_contains_paywalled_content":false,"_jetpack_memberships_contains_paid_content":false,"footnotes":""},"categories":[830,5],"tags":[453,190,96],"class_list":["post-11365","post","type-post","status-publish","format-standard","has-post-thumbnail","hentry","category-artistas","category-fantasia","tag-k-j-parker","tag-noticias","tag-portadas"],"jetpack_featured_media_url":"https:\/\/www.fantasticaficcion.com\/wp-content\/uploads\/2020\/10\/insideman.jpg","jetpack_shortlink":"https:\/\/wp.me\/p5fEpk-2Xj","jetpack_sharing_enabled":true,"_links":{"self":[{"href":"https:\/\/www.fantasticaficcion.com\/index.php\/wp-json\/wp\/v2\/posts\/11365","targetHints":{"allow":["GET"]}}],"collection":[{"href":"https:\/\/www.fantasticaficcion.com\/index.php\/wp-json\/wp\/v2\/posts"}],"about":[{"href":"https:\/\/www.fantasticaficcion.com\/index.php\/wp-json\/wp\/v2\/types\/post"}],"author":[{"embeddable":true,"href":"https:\/\/www.fantasticaficcion.com\/index.php\/wp-json\/wp\/v2\/users\/1"}],"replies":[{"embeddable":true,"href":"https:\/\/www.fantasticaficcion.com\/index.php\/wp-json\/wp\/v2\/comments?post=11365"}],"version-history":[{"count":1,"href":"https:\/\/www.fantasticaficcion.com\/index.php\/wp-json\/wp\/v2\/posts\/11365\/revisions"}],"predecessor-version":[{"id":11367,"href":"https:\/\/www.fantasticaficcion.com\/index.php\/wp-json\/wp\/v2\/posts\/11365\/revisions\/11367"}],"wp:featuredmedia":[{"embeddable":true,"href":"https:\/\/www.fantasticaficcion.com\/index.php\/wp-json\/wp\/v2\/media\/11366"}],"wp:attachment":[{"href":"https:\/\/www.fantasticaficcion.com\/index.php\/wp-json\/wp\/v2\/media?parent=11365"}],"wp:term":[{"taxonomy":"category","embeddable":true,"href":"https:\/\/www.fantasticaficcion.com\/index.php\/wp-json\/wp\/v2\/categories?post=11365"},{"taxonomy":"post_tag","embeddable":true,"href":"https:\/\/www.fantasticaficcion.com\/index.php\/wp-json\/wp\/v2\/tags?post=11365"}],"curies":[{"name":"wp","href":"https:\/\/api.w.org\/{rel}","templated":true}]}}