{"id":11245,"date":"2020-10-23T05:30:00","date_gmt":"2020-10-23T05:30:00","guid":{"rendered":"http:\/\/www.fantasticaficcion.com\/?p=11245"},"modified":"2020-09-28T08:24:40","modified_gmt":"2020-09-28T08:24:40","slug":"portada-de-never-say-you-cant-survive","status":"publish","type":"post","link":"https:\/\/www.fantasticaficcion.com\/index.php\/portada-de-never-say-you-cant-survive\/","title":{"rendered":"Portada de Never Say You Can&#8217;t Survive"},"content":{"rendered":"\n<p>Tor.com va a publicar un nuevo libro de Charlie Jane Anders, pero en este caso se trata de no ficci\u00f3n, sobre c\u00f3mo contar historias pero plagado de an\u00e9cdotas y memorias personales. El t\u00edtulo ser\u00e1 <strong><em><a href=\"https:\/\/www.tor.com\/2020\/09\/24\/revealing-never-say-you-cant-survive-by-charlie-jane-anders\/\">Never Say You Can&#8217;t Survive<\/a><\/em><\/strong> y en la t\u00f3nica habitual de los libros de la autora, la portada viene con las letras del t\u00edtulo bien grandes, para que se vea venir desde lejos. <\/p>\n\n\n\n<p>Esta es la portada, dise\u00f1ada por Jamie Stafford-Hill:<\/p>\n\n\n\n<figure class=\"wp-block-image size-large\"><img loading=\"lazy\" decoding=\"async\" width=\"662\" height=\"1024\" src=\"https:\/\/www.fantasticaficcion.com\/wp-content\/uploads\/2020\/09\/NeverSay_approved_comp_hi-1-662x1024.jpg\" alt=\"\" class=\"wp-image-11246\" srcset=\"https:\/\/www.fantasticaficcion.com\/wp-content\/uploads\/2020\/09\/NeverSay_approved_comp_hi-1-662x1024.jpg 662w, https:\/\/www.fantasticaficcion.com\/wp-content\/uploads\/2020\/09\/NeverSay_approved_comp_hi-1-194x300.jpg 194w, https:\/\/www.fantasticaficcion.com\/wp-content\/uploads\/2020\/09\/NeverSay_approved_comp_hi-1.jpg 740w\" sizes=\"auto, (max-width: 662px) 100vw, 662px\" \/><\/figure>\n\n\n\n<p>A lo mejor cre\u00e9is que exagero, pero aqu\u00ed vienen otras dos portadas de la misma autora:<\/p>\n\n\n\n<figure class=\"wp-block-image size-large\"><img loading=\"lazy\" decoding=\"async\" width=\"673\" height=\"1024\" src=\"https:\/\/www.fantasticaficcion.com\/wp-content\/uploads\/2018\/07\/CityintheMiddle_cover-673x1024.jpg\" alt=\"\" class=\"wp-image-8816\" srcset=\"https:\/\/www.fantasticaficcion.com\/wp-content\/uploads\/2018\/07\/CityintheMiddle_cover-673x1024.jpg 673w, https:\/\/www.fantasticaficcion.com\/wp-content\/uploads\/2018\/07\/CityintheMiddle_cover-197x300.jpg 197w, https:\/\/www.fantasticaficcion.com\/wp-content\/uploads\/2018\/07\/CityintheMiddle_cover.jpg 740w\" sizes=\"auto, (max-width: 673px) 100vw, 673px\" \/><\/figure>\n\n\n\n<div class=\"wp-block-image\"><figure class=\"aligncenter size-large\"><img loading=\"lazy\" decoding=\"async\" width=\"474\" height=\"720\" src=\"https:\/\/www.fantasticaficcion.com\/wp-content\/uploads\/2020\/09\/allthebirdsinthesky.jpg\" alt=\"\" class=\"wp-image-11247\" srcset=\"https:\/\/www.fantasticaficcion.com\/wp-content\/uploads\/2020\/09\/allthebirdsinthesky.jpg 474w, https:\/\/www.fantasticaficcion.com\/wp-content\/uploads\/2020\/09\/allthebirdsinthesky-198x300.jpg 198w\" sizes=\"auto, (max-width: 474px) 100vw, 474px\" \/><\/figure><\/div>\n","protected":false},"excerpt":{"rendered":"<p>Tor.com va a publicar un nuevo libro de Charlie Jane Anders, pero en este caso se trata de no ficci\u00f3n, sobre c\u00f3mo contar historias pero plagado de an\u00e9cdotas y memorias personales. El t\u00edtulo ser\u00e1 Never Say You Can&#8217;t Survive y en la t\u00f3nica habitual de los libros de la autora, la portada viene con las &hellip; <\/p>\n<p class=\"link-more\"><a href=\"https:\/\/www.fantasticaficcion.com\/index.php\/portada-de-never-say-you-cant-survive\/\" class=\"more-link\">Continuar leyendo<span class=\"screen-reader-text\"> &#8220;Portada de Never Say You Can&#8217;t Survive&#8221;<\/span><\/a><\/p>\n","protected":false},"author":1,"featured_media":11246,"comment_status":"open","ping_status":"open","sticky":false,"template":"","format":"standard","meta":{"jetpack_post_was_ever_published":false,"_jetpack_newsletter_access":"","_jetpack_dont_email_post_to_subs":false,"_jetpack_newsletter_tier_id":0,"_jetpack_memberships_contains_paywalled_content":false,"_jetpack_memberships_contains_paid_content":false,"footnotes":""},"categories":[830],"tags":[633,190,96],"class_list":["post-11245","post","type-post","status-publish","format-standard","has-post-thumbnail","hentry","category-artistas","tag-charlie-jane-anders","tag-noticias","tag-portadas"],"jetpack_featured_media_url":"https:\/\/www.fantasticaficcion.com\/wp-content\/uploads\/2020\/09\/NeverSay_approved_comp_hi-1.jpg","jetpack_shortlink":"https:\/\/wp.me\/p5fEpk-2Vn","jetpack_sharing_enabled":true,"_links":{"self":[{"href":"https:\/\/www.fantasticaficcion.com\/index.php\/wp-json\/wp\/v2\/posts\/11245","targetHints":{"allow":["GET"]}}],"collection":[{"href":"https:\/\/www.fantasticaficcion.com\/index.php\/wp-json\/wp\/v2\/posts"}],"about":[{"href":"https:\/\/www.fantasticaficcion.com\/index.php\/wp-json\/wp\/v2\/types\/post"}],"author":[{"embeddable":true,"href":"https:\/\/www.fantasticaficcion.com\/index.php\/wp-json\/wp\/v2\/users\/1"}],"replies":[{"embeddable":true,"href":"https:\/\/www.fantasticaficcion.com\/index.php\/wp-json\/wp\/v2\/comments?post=11245"}],"version-history":[{"count":1,"href":"https:\/\/www.fantasticaficcion.com\/index.php\/wp-json\/wp\/v2\/posts\/11245\/revisions"}],"predecessor-version":[{"id":11248,"href":"https:\/\/www.fantasticaficcion.com\/index.php\/wp-json\/wp\/v2\/posts\/11245\/revisions\/11248"}],"wp:featuredmedia":[{"embeddable":true,"href":"https:\/\/www.fantasticaficcion.com\/index.php\/wp-json\/wp\/v2\/media\/11246"}],"wp:attachment":[{"href":"https:\/\/www.fantasticaficcion.com\/index.php\/wp-json\/wp\/v2\/media?parent=11245"}],"wp:term":[{"taxonomy":"category","embeddable":true,"href":"https:\/\/www.fantasticaficcion.com\/index.php\/wp-json\/wp\/v2\/categories?post=11245"},{"taxonomy":"post_tag","embeddable":true,"href":"https:\/\/www.fantasticaficcion.com\/index.php\/wp-json\/wp\/v2\/tags?post=11245"}],"curies":[{"name":"wp","href":"https:\/\/api.w.org\/{rel}","templated":true}]}}