{"id":11132,"date":"2020-09-28T05:30:00","date_gmt":"2020-09-28T05:30:00","guid":{"rendered":"http:\/\/www.fantasticaficcion.com\/?p=11132"},"modified":"2020-09-09T06:12:33","modified_gmt":"2020-09-09T06:12:33","slug":"infernal","status":"publish","type":"post","link":"https:\/\/www.fantasticaficcion.com\/index.php\/infernal\/","title":{"rendered":"Infernal"},"content":{"rendered":"\n<p>Suelo alternar lecturas de ciencia ficci\u00f3n y fantas\u00eda por no saturarme de ninguno de los g\u00e9neros, pero es cierto que a veces me pasa que estoy con un audiolibro y un libro de fantas\u00eda, como ha sido el caso. Por desgracia para <strong><em>Infernal<\/em><\/strong>, en este caso ha servido para hacer a\u00fan m\u00e1s patentes sus fallos y debilidades, en contraste con otro libro que me ha tenido subyugada desde el principio.<\/p>\n\n\n\n<div class=\"wp-block-image\"><figure class=\"alignright size-large\"><img loading=\"lazy\" decoding=\"async\" width=\"260\" height=\"400\" src=\"https:\/\/www.fantasticaficcion.com\/wp-content\/uploads\/2020\/08\/infernal.jpg\" alt=\"\" class=\"wp-image-11133\" srcset=\"https:\/\/www.fantasticaficcion.com\/wp-content\/uploads\/2020\/08\/infernal.jpg 260w, https:\/\/www.fantasticaficcion.com\/wp-content\/uploads\/2020\/08\/infernal-195x300.jpg 195w\" sizes=\"auto, (max-width: 260px) 100vw, 260px\" \/><\/figure><\/div>\n\n\n\n<p><strong><em>Infernal <\/em><\/strong>utiliza el recurso del personaje con amnesia que no sabe nada sobre s\u00ed mismo, uno de los tropos m\u00e1s manidos de la literatura. Quiz\u00e1 ah\u00ed ya deber\u00eda haberme dado cuenta de por donde iban a ir los derroteros, pero me despist\u00f3 el ritmo bastante conseguido que el autor le imprimi\u00f3 a la obra, con un di\u00e1logo casi constante en primera persona que evita que se piense demasiado en la propia trama. Pero todo era un espejismo.<\/p>\n\n\n\n<p>El protagonista tiene tanto, pero tanto poder m\u00e1gico, que desde el primer momento cualquier lucha est\u00e1 desequilibrada. Lo \u00fanico es que no recuerda c\u00f3mo usarlo, pero eso se le pasa pronto. Adem\u00e1s, \u00bfte hace falta volar? Pues me acabo de acordar de un constructo m\u00e1gico para hacerlo. \u00bfAhora quieres ver en la oscuridad? \u00a1Sin problema! T\u00fa dime que vas necesitando para que avance la trama, que justo me voy a acordar de eso. <\/p>\n\n\n\n<p>El \u00fanico problemilla es que tanto usar la magia tiene un coste energ\u00e9tico que me r\u00edo yo de la huella de carbono de las industrias chinas. Pero no es nada que no se arregle comiendo pantagru\u00e9licamente: pan, frutos secos, cad\u00e1veres humanos&#8230; Porque de paso tambi\u00e9n tenemos alguna que otra escena can\u00edbal que han sido la guinda del pastel para m\u00ed, con lo poco que me gusta el gore.<\/p>\n\n\n\n<p>Si a todo esto le a\u00f1ades una bonita conspiraci\u00f3n para derrotar el poder actual y alguna que otra horda de zombis necrom\u00e1nticos, el resultado es un mejunje intragable. Ni siquiera la GRAN REVELACI\u00d3N FINAL (TM) es capaz de compensar la historia. Un libro al que no hay que acercarse, en definitiva.<\/p>\n","protected":false},"excerpt":{"rendered":"<p>Suelo alternar lecturas de ciencia ficci\u00f3n y fantas\u00eda por no saturarme de ninguno de los g\u00e9neros, pero es cierto que a veces me pasa que estoy con un audiolibro y un libro de fantas\u00eda, como ha sido el caso. Por desgracia para Infernal, en este caso ha servido para hacer a\u00fan m\u00e1s patentes sus fallos &hellip; <\/p>\n<p class=\"link-more\"><a href=\"https:\/\/www.fantasticaficcion.com\/index.php\/infernal\/\" class=\"more-link\">Continuar leyendo<span class=\"screen-reader-text\"> &#8220;Infernal&#8221;<\/span><\/a><\/p>\n","protected":false},"author":1,"featured_media":11133,"comment_status":"open","ping_status":"open","sticky":false,"template":"","format":"standard","meta":{"jetpack_post_was_ever_published":false,"_jetpack_newsletter_access":"","_jetpack_dont_email_post_to_subs":false,"_jetpack_newsletter_tier_id":0,"_jetpack_memberships_contains_paywalled_content":false,"_jetpack_memberships_contains_paid_content":false,"footnotes":""},"categories":[5],"tags":[664,9,1298,8],"class_list":["post-11132","post","type-post","status-publish","format-standard","has-post-thumbnail","hentry","category-fantasia","tag-fantasia","tag-libros-en-ingles","tag-mark-de-jager","tag-resenas"],"jetpack_featured_media_url":"https:\/\/www.fantasticaficcion.com\/wp-content\/uploads\/2020\/08\/infernal.jpg","jetpack_shortlink":"https:\/\/wp.me\/s5fEpk-infernal","jetpack_sharing_enabled":true,"_links":{"self":[{"href":"https:\/\/www.fantasticaficcion.com\/index.php\/wp-json\/wp\/v2\/posts\/11132","targetHints":{"allow":["GET"]}}],"collection":[{"href":"https:\/\/www.fantasticaficcion.com\/index.php\/wp-json\/wp\/v2\/posts"}],"about":[{"href":"https:\/\/www.fantasticaficcion.com\/index.php\/wp-json\/wp\/v2\/types\/post"}],"author":[{"embeddable":true,"href":"https:\/\/www.fantasticaficcion.com\/index.php\/wp-json\/wp\/v2\/users\/1"}],"replies":[{"embeddable":true,"href":"https:\/\/www.fantasticaficcion.com\/index.php\/wp-json\/wp\/v2\/comments?post=11132"}],"version-history":[{"count":1,"href":"https:\/\/www.fantasticaficcion.com\/index.php\/wp-json\/wp\/v2\/posts\/11132\/revisions"}],"predecessor-version":[{"id":11134,"href":"https:\/\/www.fantasticaficcion.com\/index.php\/wp-json\/wp\/v2\/posts\/11132\/revisions\/11134"}],"wp:featuredmedia":[{"embeddable":true,"href":"https:\/\/www.fantasticaficcion.com\/index.php\/wp-json\/wp\/v2\/media\/11133"}],"wp:attachment":[{"href":"https:\/\/www.fantasticaficcion.com\/index.php\/wp-json\/wp\/v2\/media?parent=11132"}],"wp:term":[{"taxonomy":"category","embeddable":true,"href":"https:\/\/www.fantasticaficcion.com\/index.php\/wp-json\/wp\/v2\/categories?post=11132"},{"taxonomy":"post_tag","embeddable":true,"href":"https:\/\/www.fantasticaficcion.com\/index.php\/wp-json\/wp\/v2\/tags?post=11132"}],"curies":[{"name":"wp","href":"https:\/\/api.w.org\/{rel}","templated":true}]}}