{"id":11127,"date":"2020-09-18T05:30:00","date_gmt":"2020-09-18T05:30:00","guid":{"rendered":"http:\/\/www.fantasticaficcion.com\/?p=11127"},"modified":"2020-08-13T06:26:14","modified_gmt":"2020-08-13T06:26:14","slug":"portada-de-la-edicion-europea-de-of-wars-and-memories-and-starlight","status":"publish","type":"post","link":"https:\/\/www.fantasticaficcion.com\/index.php\/portada-de-la-edicion-europea-de-of-wars-and-memories-and-starlight\/","title":{"rendered":"Portada de la edici\u00f3n europea de Of Wars, and Memories, and Starlight"},"content":{"rendered":"\n<p>Aunque me encantan las ediciones de <a href=\"https:\/\/www.fantasticaficcion.com\/index.php\/anunciada-la-publicacion-de-of-wars-and-memories-and-starlight\/\" data-id=\"9669\" data-type=\"post\">Subterranean Press<\/a>, hay que reconocer que los precios son bastante prohibitivos y no se puede adquirir el libro en formato electr\u00f3nico fuera de EE.UU., as\u00ed que me qued\u00e9 con las ganas de leer <strong><em>Of Wars, and Memories, and Starlight<\/em><\/strong>.<\/p>\n\n\n\n<p>Afortunadamente, Aliette de Bodard va a publicar una edici\u00f3n &#8220;europea&#8221; del libro, que tendr\u00e1 los mismos contenidos que la de Subterranean pero con una portada nueva, dise\u00f1o de Dirk Berger, que aqu\u00ed os traigo:<\/p>\n\n\n\n<figure class=\"wp-block-image size-large\"><img loading=\"lazy\" decoding=\"async\" width=\"640\" height=\"1024\" src=\"https:\/\/www.fantasticaficcion.com\/wp-content\/uploads\/2020\/08\/ofwars.png\" alt=\"\" class=\"wp-image-11128\" srcset=\"https:\/\/www.fantasticaficcion.com\/wp-content\/uploads\/2020\/08\/ofwars.png 640w, https:\/\/www.fantasticaficcion.com\/wp-content\/uploads\/2020\/08\/ofwars-188x300.png 188w\" sizes=\"auto, (max-width: 640px) 100vw, 640px\" \/><\/figure>\n\n\n\n<p>El libro ya est\u00e1 en preventa, y estar\u00e1 disponible el 30 de septiembre. Yo ya lo tengo pedido, \u00bfa qu\u00e9 esper\u00e1is vosotros?<\/p>\n","protected":false},"excerpt":{"rendered":"<p>Aunque me encantan las ediciones de Subterranean Press, hay que reconocer que los precios son bastante prohibitivos y no se puede adquirir el libro en formato electr\u00f3nico fuera de EE.UU., as\u00ed que me qued\u00e9 con las ganas de leer Of Wars, and Memories, and Starlight. Afortunadamente, Aliette de Bodard va a publicar una edici\u00f3n &#8220;europea&#8221; &hellip; <\/p>\n<p class=\"link-more\"><a href=\"https:\/\/www.fantasticaficcion.com\/index.php\/portada-de-la-edicion-europea-de-of-wars-and-memories-and-starlight\/\" class=\"more-link\">Continuar leyendo<span class=\"screen-reader-text\"> &#8220;Portada de la edici\u00f3n europea de Of Wars, and Memories, and Starlight&#8221;<\/span><\/a><\/p>\n","protected":false},"author":1,"featured_media":11128,"comment_status":"open","ping_status":"open","sticky":false,"template":"","format":"standard","meta":{"jetpack_post_was_ever_published":false,"_jetpack_newsletter_access":"","_jetpack_dont_email_post_to_subs":false,"_jetpack_newsletter_tier_id":0,"_jetpack_memberships_contains_paywalled_content":false,"_jetpack_memberships_contains_paid_content":false,"footnotes":""},"categories":[10,24],"tags":[48,190,96],"class_list":["post-11127","post","type-post","status-publish","format-standard","has-post-thumbnail","hentry","category-ciencia-ficcion-2","category-relatos-cortos","tag-aliette-de-bodard","tag-noticias","tag-portadas"],"jetpack_featured_media_url":"https:\/\/www.fantasticaficcion.com\/wp-content\/uploads\/2020\/08\/ofwars.png","jetpack_shortlink":"https:\/\/wp.me\/p5fEpk-2Tt","jetpack_sharing_enabled":true,"_links":{"self":[{"href":"https:\/\/www.fantasticaficcion.com\/index.php\/wp-json\/wp\/v2\/posts\/11127","targetHints":{"allow":["GET"]}}],"collection":[{"href":"https:\/\/www.fantasticaficcion.com\/index.php\/wp-json\/wp\/v2\/posts"}],"about":[{"href":"https:\/\/www.fantasticaficcion.com\/index.php\/wp-json\/wp\/v2\/types\/post"}],"author":[{"embeddable":true,"href":"https:\/\/www.fantasticaficcion.com\/index.php\/wp-json\/wp\/v2\/users\/1"}],"replies":[{"embeddable":true,"href":"https:\/\/www.fantasticaficcion.com\/index.php\/wp-json\/wp\/v2\/comments?post=11127"}],"version-history":[{"count":1,"href":"https:\/\/www.fantasticaficcion.com\/index.php\/wp-json\/wp\/v2\/posts\/11127\/revisions"}],"predecessor-version":[{"id":11129,"href":"https:\/\/www.fantasticaficcion.com\/index.php\/wp-json\/wp\/v2\/posts\/11127\/revisions\/11129"}],"wp:featuredmedia":[{"embeddable":true,"href":"https:\/\/www.fantasticaficcion.com\/index.php\/wp-json\/wp\/v2\/media\/11128"}],"wp:attachment":[{"href":"https:\/\/www.fantasticaficcion.com\/index.php\/wp-json\/wp\/v2\/media?parent=11127"}],"wp:term":[{"taxonomy":"category","embeddable":true,"href":"https:\/\/www.fantasticaficcion.com\/index.php\/wp-json\/wp\/v2\/categories?post=11127"},{"taxonomy":"post_tag","embeddable":true,"href":"https:\/\/www.fantasticaficcion.com\/index.php\/wp-json\/wp\/v2\/tags?post=11127"}],"curies":[{"name":"wp","href":"https:\/\/api.w.org\/{rel}","templated":true}]}}