{"id":11112,"date":"2020-09-11T05:30:00","date_gmt":"2020-09-11T05:30:00","guid":{"rendered":"http:\/\/www.fantasticaficcion.com\/?p=11112"},"modified":"2020-08-10T08:47:57","modified_gmt":"2020-08-10T08:47:57","slug":"portada-de-the-stone-knife","status":"publish","type":"post","link":"https:\/\/www.fantasticaficcion.com\/index.php\/portada-de-the-stone-knife\/","title":{"rendered":"Portada de The Stone Knife"},"content":{"rendered":"\n<p>Ya sabemos c\u00f3mo ser\u00e1 la portada de<strong><em><a href=\"http:\/\/www.dhhliteraryagency.com\/the-stone-knife.html\"> The Stone Knife<\/a><\/em><\/strong>, la nueva novela de <a href=\"https:\/\/www.fantasticaficcion.com\/index.php\/godblind\/\">Anna Stephens<\/a> con publicaci\u00f3n prevista para noviembre de 2020. <\/p>\n\n\n\n<p>Esta es la sinopsis:<\/p>\n\n\n\n<blockquote class=\"wp-block-quote is-layout-flow wp-block-quote-is-layout-flow\"><p>For generations, the forests of Ixachipan have echoed with the clash of weapons, as nation after nation has fallen to the Empire of Songs \u2013 and to the unending, magical music that binds its people together. Now, only two free tribes remain.<\/p><p>The Empire is not their only enemy. Monstrous, scaled predators lurk in rivers and streams, with a deadly music of their own.<\/p><p>As battle looms, fighters on both sides must decide how far they will go for their beliefs and for the ones they love \u2013 a veteran general seeks peace through war, a warrior and a shaman set out to understand their enemies, and an ambitious noble tries to bend ancient magic to her will.<\/p><\/blockquote>\n\n\n\n<p>Mi traducci\u00f3n:<\/p>\n\n\n\n<blockquote class=\"wp-block-quote is-layout-flow wp-block-quote-is-layout-flow\"><p>Durante generaciones, los bosques de Ixachipan han tenido ecos de choques de armas, cuando naci\u00f3n tras naci\u00f3n ha ca\u00eddo bajo el yugo del Imperio de las Canciones y su inacabable m\u00fasica m\u00e1gica que une a la gente. Solo quedan dos tribus libres.<\/p><p>El Imperio no es su \u00fanico enemigo. Predadores monstruosos  viven en los r\u00edos y arroyos, con una m\u00fasica mortal propia.<\/p><p>Conforme se acerca la batalla, los guerreros de cada bando deciden hasta donde llegar\u00e1n defendiendo sus creencias y aquellos a los que aman, un general veterano que busca la paz a trav\u00e9s de la guerra, un guerrero y un cham\u00e1n enviados a entender a sus enemigos y una noble ambiciosa que pretende doblegar una antigua magia a su gusto.<\/p><\/blockquote>\n\n\n\n<p>Esta es la portada:<\/p>\n\n\n\n<div class=\"wp-block-image\"><figure class=\"aligncenter size-large\"><img loading=\"lazy\" decoding=\"async\" width=\"329\" height=\"499\" src=\"https:\/\/www.fantasticaficcion.com\/wp-content\/uploads\/2020\/08\/the-stone-knife_orig-1.jpg\" alt=\"\" class=\"wp-image-11114\" srcset=\"https:\/\/www.fantasticaficcion.com\/wp-content\/uploads\/2020\/08\/the-stone-knife_orig-1.jpg 329w, https:\/\/www.fantasticaficcion.com\/wp-content\/uploads\/2020\/08\/the-stone-knife_orig-1-198x300.jpg 198w\" sizes=\"auto, (max-width: 329px) 100vw, 329px\" \/><\/figure><\/div>\n","protected":false},"excerpt":{"rendered":"<p>Ya sabemos c\u00f3mo ser\u00e1 la portada de The Stone Knife, la nueva novela de Anna Stephens con publicaci\u00f3n prevista para noviembre de 2020. Esta es la sinopsis: For generations, the forests of Ixachipan have echoed with the clash of weapons, as nation after nation has fallen to the Empire of Songs \u2013 and to the &hellip; <\/p>\n<p class=\"link-more\"><a href=\"https:\/\/www.fantasticaficcion.com\/index.php\/portada-de-the-stone-knife\/\" class=\"more-link\">Continuar leyendo<span class=\"screen-reader-text\"> &#8220;Portada de The Stone Knife&#8221;<\/span><\/a><\/p>\n","protected":false},"author":1,"featured_media":11114,"comment_status":"open","ping_status":"open","sticky":false,"template":"","format":"standard","meta":{"jetpack_post_was_ever_published":false,"_jetpack_newsletter_access":"","_jetpack_dont_email_post_to_subs":false,"_jetpack_newsletter_tier_id":0,"_jetpack_memberships_contains_paywalled_content":false,"_jetpack_memberships_contains_paid_content":false,"footnotes":""},"categories":[5],"tags":[1280,190,96],"class_list":["post-11112","post","type-post","status-publish","format-standard","has-post-thumbnail","hentry","category-fantasia","tag-anna-stephens","tag-noticias","tag-portadas"],"jetpack_featured_media_url":"https:\/\/www.fantasticaficcion.com\/wp-content\/uploads\/2020\/08\/the-stone-knife_orig-1.jpg","jetpack_shortlink":"https:\/\/wp.me\/p5fEpk-2Te","jetpack_sharing_enabled":true,"_links":{"self":[{"href":"https:\/\/www.fantasticaficcion.com\/index.php\/wp-json\/wp\/v2\/posts\/11112","targetHints":{"allow":["GET"]}}],"collection":[{"href":"https:\/\/www.fantasticaficcion.com\/index.php\/wp-json\/wp\/v2\/posts"}],"about":[{"href":"https:\/\/www.fantasticaficcion.com\/index.php\/wp-json\/wp\/v2\/types\/post"}],"author":[{"embeddable":true,"href":"https:\/\/www.fantasticaficcion.com\/index.php\/wp-json\/wp\/v2\/users\/1"}],"replies":[{"embeddable":true,"href":"https:\/\/www.fantasticaficcion.com\/index.php\/wp-json\/wp\/v2\/comments?post=11112"}],"version-history":[{"count":1,"href":"https:\/\/www.fantasticaficcion.com\/index.php\/wp-json\/wp\/v2\/posts\/11112\/revisions"}],"predecessor-version":[{"id":11115,"href":"https:\/\/www.fantasticaficcion.com\/index.php\/wp-json\/wp\/v2\/posts\/11112\/revisions\/11115"}],"wp:featuredmedia":[{"embeddable":true,"href":"https:\/\/www.fantasticaficcion.com\/index.php\/wp-json\/wp\/v2\/media\/11114"}],"wp:attachment":[{"href":"https:\/\/www.fantasticaficcion.com\/index.php\/wp-json\/wp\/v2\/media?parent=11112"}],"wp:term":[{"taxonomy":"category","embeddable":true,"href":"https:\/\/www.fantasticaficcion.com\/index.php\/wp-json\/wp\/v2\/categories?post=11112"},{"taxonomy":"post_tag","embeddable":true,"href":"https:\/\/www.fantasticaficcion.com\/index.php\/wp-json\/wp\/v2\/tags?post=11112"}],"curies":[{"name":"wp","href":"https:\/\/api.w.org\/{rel}","templated":true}]}}