{"id":11073,"date":"2020-09-02T05:30:00","date_gmt":"2020-09-02T05:30:00","guid":{"rendered":"http:\/\/www.fantasticaficcion.com\/?p=11073"},"modified":"2020-07-24T10:31:44","modified_gmt":"2020-07-24T10:31:44","slug":"portada-de-winters-orbit","status":"publish","type":"post","link":"https:\/\/www.fantasticaficcion.com\/index.php\/portada-de-winters-orbit\/","title":{"rendered":"Portada de Winter&#8217;s Orbit"},"content":{"rendered":"\n<p><a href=\"https:\/\/www.denofgeek.com\/books\/winters-orbit-everina-maxwell-cover-reveal\/\">Aqu\u00ed os traigo la portada de la primera novela <\/a>de Everina Maxwell, titulada <strong><em>Winter&#8217;s Orbit <\/em><\/strong>que se publicar\u00e1 en febrero del a\u00f1o que viene.<\/p>\n\n\n\n<p>Esta es la sinopsis:<\/p>\n\n\n\n<p><em>While the Iskat Empire has long dominated the system through treaties and political alliances, several planets, including Thea, have begun to chafe under Iskat\u2019s rule. When tragedy befalls Imperial Prince Taam, his Thean widower, Jainan, is rushed into an arranged marriage with Taam\u2019s cousin, the disreputable Kiem, in a bid to keep the rising hostilities between the two worlds under control.<\/em><\/p>\n\n\n\n<p><em>But when it comes to light that Prince Taam\u2019s death may not have been an accident, and that Jainan himself may be a suspect, the unlikely pair must overcome their misgivings and learn to trust one another as they navigate the perils of the Iskat court, try to solve a murder, and prevent an interplanetary war\u2026 all while dealing with their growing feelings for each other.<\/em><\/p>\n\n\n\n<p>Mi traducci\u00f3n:<\/p>\n\n\n\n<blockquote class=\"wp-block-quote is-layout-flow wp-block-quote-is-layout-flow\"><p>El Imperio Iskat ha dominado durante mucho tiempo el sistema gracias a sus alianzas pol\u00edticas y tratados, pero muchos planetas, incluido Thea, empiezan a sentirse inc\u00f3modos bajo su orden. Cuando la tragedia se ceba sobre el pr\u00edncipe imperial Taam, su viudo theano, Jainan, es obligada a casarse con su primo, el irreprochable Kiem, en una apuesta para conseguir mantener bajo control las hostilidades entre ambos mundos.<\/p><p>Pero cuando sale a la luz que el motivo de la muerte del pr\u00edncipe Taam puede no haber sido accidental y que la propia Jainan es sospechosa, la inesperada pareja deber\u00e1 superar sus diferencias y aprender a confiar mutuamente para evitar los peligros de la corte Isktat, resolver el asesinato y evitar la guerra interplanetaria&#8230; mientras hacen frente a sus inesperados sentimientos.<\/p><\/blockquote>\n\n\n\n<p>La portada es de <a rel=\"noreferrer noopener\" href=\"https:\/\/www.magdiellopez.com\/\" target=\"_blank\">Magdiel Lopez<\/a> con dise\u00f1o de <font color=\"#004000\"><a rel=\"noreferrer noopener\" href=\"https:\/\/www.katieklimowicz.com\/\" target=\"_blank\">Katie Klimowic<\/a><\/font>z.<\/p>\n\n\n\n<figure class=\"wp-block-image size-large\"><img loading=\"lazy\" decoding=\"async\" width=\"663\" height=\"1024\" src=\"https:\/\/www.fantasticaficcion.com\/wp-content\/uploads\/2020\/07\/Winters-Orbit-Cover.jpg\" alt=\"\" class=\"wp-image-11074\" srcset=\"https:\/\/www.fantasticaficcion.com\/wp-content\/uploads\/2020\/07\/Winters-Orbit-Cover.jpg 663w, https:\/\/www.fantasticaficcion.com\/wp-content\/uploads\/2020\/07\/Winters-Orbit-Cover-194x300.jpg 194w\" sizes=\"auto, (max-width: 663px) 100vw, 663px\" \/><\/figure>\n","protected":false},"excerpt":{"rendered":"<p>Aqu\u00ed os traigo la portada de la primera novela de Everina Maxwell, titulada Winter&#8217;s Orbit que se publicar\u00e1 en febrero del a\u00f1o que viene. Esta es la sinopsis: While the Iskat Empire has long dominated the system through treaties and political alliances, several planets, including Thea, have begun to chafe under Iskat\u2019s rule. When tragedy &hellip; <\/p>\n<p class=\"link-more\"><a href=\"https:\/\/www.fantasticaficcion.com\/index.php\/portada-de-winters-orbit\/\" class=\"more-link\">Continuar leyendo<span class=\"screen-reader-text\"> &#8220;Portada de Winter&#8217;s Orbit&#8221;<\/span><\/a><\/p>\n","protected":false},"author":1,"featured_media":11074,"comment_status":"open","ping_status":"open","sticky":false,"template":"","format":"standard","meta":{"jetpack_post_was_ever_published":false,"_jetpack_newsletter_access":"","_jetpack_dont_email_post_to_subs":false,"_jetpack_newsletter_tier_id":0,"_jetpack_memberships_contains_paywalled_content":false,"_jetpack_memberships_contains_paid_content":false,"footnotes":""},"categories":[830,10],"tags":[4,1293,190,96],"class_list":["post-11073","post","type-post","status-publish","format-standard","has-post-thumbnail","hentry","category-artistas","category-ciencia-ficcion-2","tag-ciencia-ficcion","tag-everina-maxwell","tag-noticias","tag-portadas"],"jetpack_featured_media_url":"https:\/\/www.fantasticaficcion.com\/wp-content\/uploads\/2020\/07\/Winters-Orbit-Cover.jpg","jetpack_shortlink":"https:\/\/wp.me\/p5fEpk-2SB","jetpack_sharing_enabled":true,"_links":{"self":[{"href":"https:\/\/www.fantasticaficcion.com\/index.php\/wp-json\/wp\/v2\/posts\/11073","targetHints":{"allow":["GET"]}}],"collection":[{"href":"https:\/\/www.fantasticaficcion.com\/index.php\/wp-json\/wp\/v2\/posts"}],"about":[{"href":"https:\/\/www.fantasticaficcion.com\/index.php\/wp-json\/wp\/v2\/types\/post"}],"author":[{"embeddable":true,"href":"https:\/\/www.fantasticaficcion.com\/index.php\/wp-json\/wp\/v2\/users\/1"}],"replies":[{"embeddable":true,"href":"https:\/\/www.fantasticaficcion.com\/index.php\/wp-json\/wp\/v2\/comments?post=11073"}],"version-history":[{"count":1,"href":"https:\/\/www.fantasticaficcion.com\/index.php\/wp-json\/wp\/v2\/posts\/11073\/revisions"}],"predecessor-version":[{"id":11075,"href":"https:\/\/www.fantasticaficcion.com\/index.php\/wp-json\/wp\/v2\/posts\/11073\/revisions\/11075"}],"wp:featuredmedia":[{"embeddable":true,"href":"https:\/\/www.fantasticaficcion.com\/index.php\/wp-json\/wp\/v2\/media\/11074"}],"wp:attachment":[{"href":"https:\/\/www.fantasticaficcion.com\/index.php\/wp-json\/wp\/v2\/media?parent=11073"}],"wp:term":[{"taxonomy":"category","embeddable":true,"href":"https:\/\/www.fantasticaficcion.com\/index.php\/wp-json\/wp\/v2\/categories?post=11073"},{"taxonomy":"post_tag","embeddable":true,"href":"https:\/\/www.fantasticaficcion.com\/index.php\/wp-json\/wp\/v2\/tags?post=11073"}],"curies":[{"name":"wp","href":"https:\/\/api.w.org\/{rel}","templated":true}]}}