{"id":10972,"date":"2020-08-20T05:30:00","date_gmt":"2020-08-20T05:30:00","guid":{"rendered":"http:\/\/www.fantasticaficcion.com\/?p=10972"},"modified":"2020-07-23T12:06:25","modified_gmt":"2020-07-23T12:06:25","slug":"the-philosophers-war","status":"publish","type":"post","link":"https:\/\/www.fantasticaficcion.com\/index.php\/the-philosophers-war\/","title":{"rendered":"The Philosopher&#8217;s War"},"content":{"rendered":"\n<p><a href=\"https:\/\/www.fantasticaficcion.com\/index.php\/the-philosophers-flight\/\">La primera entrega de esta serie <\/a>me sorprendi\u00f3 muy gratamente as\u00ed que estaba bastante claro que no pasar\u00eda mucho tiempo hasta que me pusiera a leer este <strong><em>The Philosopher&#8217;s War <\/em><\/strong>de Tom Miller.<\/p>\n\n\n\n<div class=\"wp-block-image\"><figure class=\"alignright size-large\"><img loading=\"lazy\" decoding=\"async\" width=\"318\" height=\"318\" src=\"https:\/\/www.fantasticaficcion.com\/wp-content\/uploads\/2020\/07\/philosopherwar.jpg\" alt=\"\" class=\"wp-image-10973\" srcset=\"https:\/\/www.fantasticaficcion.com\/wp-content\/uploads\/2020\/07\/philosopherwar.jpg 318w, https:\/\/www.fantasticaficcion.com\/wp-content\/uploads\/2020\/07\/philosopherwar-300x300.jpg 300w, https:\/\/www.fantasticaficcion.com\/wp-content\/uploads\/2020\/07\/philosopherwar-150x150.jpg 150w, https:\/\/www.fantasticaficcion.com\/wp-content\/uploads\/2020\/07\/philosopherwar-100x100.jpg 100w\" sizes=\"auto, (max-width: 318px) 100vw, 318px\" \/><\/figure><\/div>\n\n\n\n<p>En esta novela el autor cambia totalmente de registro. Lo que nos ofrece son los diarios de guerra del joven Robert Weeks, alistado como Robert Canderelli en el cuerpo de Rescate y Evacuaci\u00f3n, el \u00fanico que deja actuar a los fil\u00f3sofos tras una convenci\u00f3n humanitaria que los retir\u00f3 de la guerra. En este sentido, el libro tiene poco que ver con el anterior, y en ocasiones llega a resultar un poco cansino, con la repetici\u00f3n de misiones y esa representaci\u00f3n realista del tiempo de guerra, con largas jornadas de aburrimiento seguidas de intensos momentos de peligro y acci\u00f3n. <\/p>\n\n\n\n<p>Miller tambi\u00e9n pierde la baza de <em>worldbuilding<\/em>, porque ya conocemos las premisas b\u00e1sicas del &#8220;mundo filos\u00f3fico&#8221; y <strong><em>The Philosopher&#8217;s War<\/em><\/strong> parece m\u00e1s una obra de transici\u00f3n que un libro que se valga por s\u00ed mismo. No digo que no sea completo y lo cierto es que una vez que comienza la trama de conspiraci\u00f3n dentro del cuerpo de Rescate y Evacuaci\u00f3n para evitar cat\u00e1strofes la trama gana inter\u00e9s, llegando a un cuarto final del libro realmente trepidante, pero quiz\u00e1 le hubiera faltado algo m\u00e1s de este ritmo al inicio.<\/p>\n\n\n\n<p>Me gusta mucho que el escenario elegido para esta novela b\u00e9lica sea la primera guerra mundial y no la segunda, ya que es un posicionamiento menos conocido y que se adapta perfectamente a las ideas que el autor aplica a la guerra. En aquel conflicto en el mundo real hubo muchas novedades que cambiaron el curso de los enfrentamientos b\u00e9licos desde entonces y Miller utiliza tambi\u00e9n sus &#8220;novedades filos\u00f3ficas&#8221; para conseguir un final de la guerra mucho menos violento que el que hubiera tenido lugar por los m\u00e9todos &#8220;tradicionales&#8221;.<\/p>\n\n\n\n<p>Tambi\u00e9n es interesante la forma de representar la hermandad que se crea entre los compa\u00f1eros de armas. Y en este caso, como la inmensa mayor\u00eda de los miembros del grupo son mujeres, es un perfecto ejemplo de sororidad. Gran parte de los problemas que afronta el cuerpo es por esa &#8220;necesidad imperiosa&#8221; militar masculina de dominar todos los aspectos de la guerra, incluso aquellos para los que no tienen preparaci\u00f3n alguna.<\/p>\n\n\n\n<p>Que cada cap\u00edtulo comience con un peque\u00f1o extracto de libros publicados con posterioridad a los hechos relatados nos sirve como un no muy velado adelanto de lo que va a suceder en pr\u00f3ximas entregas de la serie. Recordemos que Robert solo tiene 19 a\u00f1os, as\u00ed que a\u00fan le queda cuerda para rato. Yo al menos seguir\u00e9 con inter\u00e9s sus aventuras, aunque espero que las siguientes entregas se centren un poco m\u00e1s en el desarrollo del mundo y las nuevas  aplicaciones de la filosof\u00eda natural, algo que parece un campo sembrado para contar grandes historias.<\/p>\n","protected":false},"excerpt":{"rendered":"<p>La primera entrega de esta serie me sorprendi\u00f3 muy gratamente as\u00ed que estaba bastante claro que no pasar\u00eda mucho tiempo hasta que me pusiera a leer este The Philosopher&#8217;s War de Tom Miller. En esta novela el autor cambia totalmente de registro. Lo que nos ofrece son los diarios de guerra del joven Robert Weeks, &hellip; <\/p>\n<p class=\"link-more\"><a href=\"https:\/\/www.fantasticaficcion.com\/index.php\/the-philosophers-war\/\" class=\"more-link\">Continuar leyendo<span class=\"screen-reader-text\"> &#8220;The Philosopher&#8217;s War&#8221;<\/span><\/a><\/p>\n","protected":false},"author":1,"featured_media":10973,"comment_status":"open","ping_status":"open","sticky":false,"template":"","format":"standard","meta":{"jetpack_post_was_ever_published":false,"_jetpack_newsletter_access":"","_jetpack_dont_email_post_to_subs":false,"_jetpack_newsletter_tier_id":0,"_jetpack_memberships_contains_paywalled_content":false,"_jetpack_memberships_contains_paid_content":false,"footnotes":""},"categories":[5],"tags":[664,9,8,1261],"class_list":["post-10972","post","type-post","status-publish","format-standard","has-post-thumbnail","hentry","category-fantasia","tag-fantasia","tag-libros-en-ingles","tag-resenas","tag-tom-miller"],"jetpack_featured_media_url":"https:\/\/www.fantasticaficcion.com\/wp-content\/uploads\/2020\/07\/philosopherwar.jpg","jetpack_shortlink":"https:\/\/wp.me\/p5fEpk-2QY","jetpack_sharing_enabled":true,"_links":{"self":[{"href":"https:\/\/www.fantasticaficcion.com\/index.php\/wp-json\/wp\/v2\/posts\/10972","targetHints":{"allow":["GET"]}}],"collection":[{"href":"https:\/\/www.fantasticaficcion.com\/index.php\/wp-json\/wp\/v2\/posts"}],"about":[{"href":"https:\/\/www.fantasticaficcion.com\/index.php\/wp-json\/wp\/v2\/types\/post"}],"author":[{"embeddable":true,"href":"https:\/\/www.fantasticaficcion.com\/index.php\/wp-json\/wp\/v2\/users\/1"}],"replies":[{"embeddable":true,"href":"https:\/\/www.fantasticaficcion.com\/index.php\/wp-json\/wp\/v2\/comments?post=10972"}],"version-history":[{"count":1,"href":"https:\/\/www.fantasticaficcion.com\/index.php\/wp-json\/wp\/v2\/posts\/10972\/revisions"}],"predecessor-version":[{"id":10974,"href":"https:\/\/www.fantasticaficcion.com\/index.php\/wp-json\/wp\/v2\/posts\/10972\/revisions\/10974"}],"wp:featuredmedia":[{"embeddable":true,"href":"https:\/\/www.fantasticaficcion.com\/index.php\/wp-json\/wp\/v2\/media\/10973"}],"wp:attachment":[{"href":"https:\/\/www.fantasticaficcion.com\/index.php\/wp-json\/wp\/v2\/media?parent=10972"}],"wp:term":[{"taxonomy":"category","embeddable":true,"href":"https:\/\/www.fantasticaficcion.com\/index.php\/wp-json\/wp\/v2\/categories?post=10972"},{"taxonomy":"post_tag","embeddable":true,"href":"https:\/\/www.fantasticaficcion.com\/index.php\/wp-json\/wp\/v2\/tags?post=10972"}],"curies":[{"name":"wp","href":"https:\/\/api.w.org\/{rel}","templated":true}]}}