{"id":10937,"date":"2020-06-24T14:00:00","date_gmt":"2020-06-24T14:00:00","guid":{"rendered":"http:\/\/www.fantasticaficcion.com\/?p=10937"},"modified":"2020-06-23T11:26:26","modified_gmt":"2020-06-23T11:26:26","slug":"nominados-a-los-premios-ignotus-2020","status":"publish","type":"post","link":"https:\/\/www.fantasticaficcion.com\/index.php\/nominados-a-los-premios-ignotus-2020\/","title":{"rendered":"Nominados a los premios Ignotus 2020"},"content":{"rendered":"\n<p>Ya sabemos cu\u00e1les son los nominados a los premios Ignotus este a\u00f1o. Son los siguientes:<\/p>\n\n\n\n<p><strong>Novela<\/strong><\/p>\n\n\n\n<p><em><strong>Asuntos de muertos<\/strong><\/em>, de Nieves Mories (editada por Cerbero)<\/p>\n\n\n\n<p><em><strong><a href=\"https:\/\/www.fantasticaficcion.com\/index.php\/el-arcano-y-el-jilguero\/\">El arcano y el jilguero<\/a><\/strong><\/em>, de Ferran Varela (editada por El transbordador)<\/p>\n\n\n\n<p><em><strong>Inm\u00f3viles: D\u00eda<\/strong><\/em>, de Juan Jos\u00e9 D\u00edaz T\u00e9llez (editada por el autor)<\/p>\n\n\n\n<p><em><strong>Pakminy\u00f3<\/strong><\/em>, de Felicidad Mart\u00ednez (editada por Cerbero)<\/p>\n\n\n\n<p><em><strong>Voces en la ribera del mundo<\/strong><\/em>, de Diana P. Morales (editada por Triskel)<\/p>\n\n\n\n<p><strong>Novela corta<\/strong><\/p>\n\n\n\n<p><em><strong>La pandilla UFO 2: El secreto del \u00e1rea 51<\/strong><\/em>, de Israel Moreno (editada por el autor)<\/p>\n\n\n\n<p><em><strong>La \u00faltima mujer de La Mancha<\/strong><\/em>, de Enerio Dima (editada por Cerbero)<\/p>\n\n\n\n<p><em><strong>Las mocedades de Rodrigo<\/strong><\/em>, de Almijara Barbero Carvajal (editada por Cerbero)<\/p>\n\n\n\n<p><em><strong>Los comuneros<\/strong><\/em>, de Sergio Salvador Campos (editada por Matraca)<\/p>\n\n\n\n<p><em><strong>Mundo al rev\u00e9s: Origen<\/strong><\/em>, de \u00c1ngel Padilla (editada por Sportula)<\/p>\n\n\n\n<p><strong>Cuento<\/strong><\/p>\n\n\n\n<p><em><strong>Corvus Corax<\/strong><\/em>, de Bruno Puelles (editado por Wave Books)<\/p>\n\n\n\n<p>\u201cEl falso comerciante de pimienta\u201d, de David P. Yuste (en la revista <em>C\u00edrculo de Lovecraft<\/em> n\u00famero 11)<\/p>\n\n\n\n<p>\u201cMartina ama su trabajo\u201d, de H\u00e9ctor Espadas L\u00f3pez-Tello (en la antolog\u00eda <em><strong>Seiya, la noche silenciosa<\/strong><\/em> editada por Lengua de trapo)<\/p>\n\n\n\n<p>\u201cNada mejor que la risa de un ni\u00f1o\u201d, de Tony Jim\u00e9nez (en la antolog\u00eda <em><strong>Pasen y mueran<\/strong><\/em> editada por Suseya)<\/p>\n\n\n\n<p>\u201cNo hay delito\u201d, de Tamara L\u00f3pez (en la antolog\u00eda <em><strong>M\u00e1s macabras<\/strong><\/em> editada por maLuma)<\/p>\n\n\n\n<p><strong>Antolog\u00eda<\/strong><\/p>\n\n\n\n<p><em><strong>Actos de F. E.,<\/strong><\/em> de varios autores (editada por Cerbero)<\/p>\n\n\n\n<p><strong><em>Cr\u00f3nica de sucesos<\/em>, <\/strong>de Tamara L\u00f3pez (editada por Matraca)<\/p>\n\n\n\n<p><strong><em>Cuentos para Algernon: A\u00f1o VII<\/em>,<\/strong> seleccionada por Marcheto (editada por la web Cuentos para Algernon)<\/p>\n\n\n\n<p><strong><em>Pasen y mueran<\/em>,<\/strong> coordinada por Tamara L\u00f3pez (editada por Suseya)<\/p>\n\n\n\n<p><em><strong>Tormenta e \u00edmpetu<\/strong><\/em>, coordinada por Josu\u00e9 Ramos (editada por Tinta p\u00farpura)<\/p>\n\n\n\n<p><em><strong>Trece relatos de amor maldito<\/strong><\/em>, de Cristina Bermejo Rey (editada por Papeles del duende)<\/p>\n\n\n\n<p><strong>Libro de ensayo<\/strong><\/p>\n\n\n\n<p><em><strong>Cort\u00e1zar visto por Elia Barcel\u00f3<\/strong><\/em>, de Elia Barcel\u00f3 (editado por Cazador de ratas)<\/p>\n\n\n\n<p><em><strong>Infiltradas<\/strong><\/em>, con selecci\u00f3n de Cristina Jurado y Lola Robles (editado por Palabaristas Press)<\/p>\n\n\n\n<p><strong><em>Moriremos por fuego amigo<\/em>,<\/strong> de Juan Manuel Santiago (editado por Cazador de ratas)<\/p>\n\n\n\n<p><strong><em>Supernovas. Una historia feminista de la ciencia ficci\u00f3n audiovisual<\/em>,<\/strong> de Elisa McCausland y Diego Salgado (editado por Errata Naturae)<\/p>\n\n\n\n<p><em><strong>\u00a1Todos flotan! Las pesadillas de Stephen King Vol. II (1990-2019)<\/strong>,<\/em> de Tony Jim\u00e9nez (editado por Applehead Team Creaciones)<\/p>\n\n\n\n<p><strong>Art\u00edculo<\/strong><\/p>\n\n\n\n<p>\u201cAliette de Bodard sobre la supresi\u00f3n de la maternidad\u201d, de Aliette de Bodard (en la web La nave invisible, con traducci\u00f3n de Loreto ML)<\/p>\n\n\n\n<p>\u201cEl ni\u00f1o que era Stephen King\u201d, de Tony Jim\u00e9nez (en la revista <em>Im\u00e1genes de actualidad<\/em> n\u00famero 404)<\/p>\n\n\n\n<p>\u201cGu\u00eda para empezar a leer Mundodisco de Terry Pratchett seg\u00fan tus gustos\u201d, de Carla Campos (en la web <em>Origen cu\u00e1ntico<\/em>)<\/p>\n\n\n\n<p>\u201cLa fetichizaci\u00f3n de la violencia contra las mujeres en las distop\u00edas\u201d, de Laura Huelin (en la web La nave invisible)<\/p>\n\n\n\n<p>\u201cLa impronta de No profanar el sue\u00f1o de los muertos\u201d, de Pako Mulero Arenillas (en la web La cabina de Nemo)<\/p>\n\n\n\n<p>\u201cOchenterror\u201d, de David P. Yuste y Tony Jim\u00e9nez (en la revista La cabina de Nemo n\u00famero 6)<\/p>\n\n\n\n<p><strong>Ilustraci\u00f3n<\/strong><\/p>\n\n\n\n<p>Cubierta de <em><strong>Darkgate, la oscuridad que devora<\/strong><\/em>, de Jos\u00e9 Ra\u00fal Orte Crespo (editado por Tebeox)<\/p>\n\n\n\n<p>Cubierta de <strong><em>El lamento de la sirena<\/em>,<\/strong> de Libertad Delgado (editada por Khabox)<\/p>\n\n\n\n<p>Cubierta de <strong><em>La brigada lluminosa<\/em>,<\/strong> de Marina Vidal (editada por Mai M\u00e9s)<\/p>\n\n\n\n<p>Cubierta de <em>Quien teme a la muerte<\/em>, de Joey Hi-Fi (editada por Crononauta)<\/p>\n\n\n\n<p>Cubierta de <em><strong>\u00a1Todos flotan! Las pesadillas de Stephen King Vol. II (1990-2019)<\/strong><\/em>, de Manuel J. Iniesta (editado por Applehead Team Creaciones)<\/p>\n\n\n\n<p><strong>Producci\u00f3n audiovisual<\/strong><\/p>\n\n\n\n<p>Caf\u00e9 librer\u00eda (podcast), de Beatriz Aguilar Gallo, Carla Plumed, David Pierre, Gemma Mart\u00ednez y Miriam Beizana Vigo<\/p>\n\n\n\n<p>Klaus (largometraje), con direcci\u00f3n de Sergio Pablos<\/p>\n\n\n\n<p>La olla de la Cocina del Infierno (podcast), de Sato Yasei David<\/p>\n\n\n\n<p>Proyecto Terror (podcast), de Patricia Prida<\/p>\n\n\n\n<p>Rock entre amigos (podcast), de Kike Molla Tormo<\/p>\n\n\n\n<p><strong>Tebeo<\/strong><\/p>\n\n\n\n<p><strong><em>Darkgate, la oscuridad que devora<\/em>,<\/strong> de Jos\u00e9 Ra\u00fal Orte Crespo y Tony Jim\u00e9nez (editado por Tebeox)<\/p>\n\n\n\n<p><strong><em>Lo que trajo Laqueus<\/em>,<\/strong> de David Hueso y Fabi\u00e1n \u00c1lvarez (editado Tantor Books)<\/p>\n\n\n\n<p><em><strong>No mires atr\u00e1s,<\/strong><\/em> de Anabel Colazo (editado por La c\u00fapula)<\/p>\n\n\n\n<p><em><strong>Ocultos<\/strong><\/em>, de Laura P\u00e9rez (editado por Astiberri)<\/p>\n\n\n\n<p><strong><em>Very Horrible Stories 2<\/em>,<\/strong> de Juan Carlos Cervera y Nacho Fito (editado por Tantor Books)<\/p>\n\n\n\n<p><strong>Revista<\/strong><\/p>\n\n\n\n<p><em>La cabina de Nemo<\/em>, edici\u00f3n de Pako Mulero Arenillas<\/p>\n\n\n\n<p><em>SuperSonic<\/em>, direcci\u00f3n de Cristina Jurado (editada por Palabaristas Press)<\/p>\n\n\n\n<p><em>Tantrum<\/em>, direcci\u00f3n de Sam G. C., Santiago Eximeno y Tom\u00e1s Rivera (editada por Impresiones privadas)<\/p>\n\n\n\n<p><em>Vuelo de cuervos<\/em>, edici\u00f3n de Lorena Gil Rey<\/p>\n\n\n\n<p><em>Windumanoth<\/em>, edici\u00f3n de \u00c1lex Sebasti\u00e1n, David Tour\u00f3n y V\u00edctor Blanco<\/p>\n\n\n\n<p><strong>Novela extranjera<\/strong><\/p>\n\n\n\n<p><em><strong>Ararat<\/strong><\/em>, de Christopher Golden (editada por Grupo Tierra Trivium, con traducci\u00f3n de Efraim Su\u00e1rez)<\/p>\n\n\n\n<p><em><strong><a href=\"https:\/\/www.fantasticaficcion.com\/index.php\/the-stone-sky\/\">El cielo de piedra<\/a><\/strong><\/em>, de N. K. Jemisin (editada por Nova, con traducci\u00f3n de David Tejera Exp\u00f3sito)<\/p>\n\n\n\n<p><strong><em>El instituto<\/em>, <\/strong>de Stephen King (editada por Plaza &amp; Jan\u00e9s, con traducci\u00f3n de Carlos Milla Soler)<\/p>\n\n\n\n<p><em><strong>La brigada de luz<\/strong><\/em>, de Kameron Hurley (editada por Alianza, con traducci\u00f3n de Natalia Cervera)<\/p>\n\n\n\n<p><em><strong>Quien teme a la muerte<\/strong><\/em>, de Nnedi Okorafor (editada por Crononauta, con traducci\u00f3n de Carla Bataller Estruch)<\/p>\n\n\n\n<p><strong>Cuento extranjero<\/strong><\/p>\n\n\n\n<p>\u201cEl experto en turbulencias\u201d, de Stephen King (en la antolog\u00eda<strong> <em>Por los aires<\/em><\/strong> editada por Penguin Random House, con traducci\u00f3n de Jos\u00e9 \u00d3scar Hern\u00e1ndez Send\u00edn)<\/p>\n\n\n\n<p>\u201cLas gu\u00edas de la bruja: v\u00edas de escape. Compendio pr\u00e1ctico de portales a mundos de fantas\u00eda\u201d, de Alix E. Harrow (en la web Cuentos para Algernon, con traducci\u00f3n de Marcheto)<\/p>\n\n\n\n<p>\u201cQuedan liberados\u201d, de Joe Hill (en la antolog\u00eda <em><strong>Por los aires<\/strong><\/em> editada por Penguin Random House, con traducci\u00f3n de Jos\u00e9 \u00d3scar Hern\u00e1ndez Send\u00edn)<\/p>\n\n\n\n<p><strong><a href=\"https:\/\/www.fantasticaficcion.com\/index.php\/all-systems-red\/\"><em>Sistemas cr\u00edticos<\/em>,<\/a><\/strong> de Martha Wells (editado por La esfera de los libros, con traducci\u00f3n de Carla Bataller Estruch)<\/p>\n\n\n\n<p>\u201cZombis en el avi\u00f3n\u201d, de Bev Vincent (en la antolog\u00eda<strong><em> Por los aires<\/em><\/strong> editada por Penguin Random House, con traducci\u00f3n de Jos\u00e9 \u00d3scar Hern\u00e1ndez Send\u00edn)<\/p>\n\n\n\n<p><strong>Sitio web<\/strong><\/p>\n\n\n\n<p>Chica Sombra, de Tamara L\u00f3pez (<a href=\"http:\/\/www.chica-sombra.com\/\">http:\/\/www.chica-sombra.com\/<\/a>)<\/p>\n\n\n\n<p>Cuentos para Algernon, de Marcheto (<a href=\"https:\/\/cuentosparaalgernon.wordpress.com\/\">https:\/\/cuentosparaalgernon.wordpress.com\/<\/a>)<\/p>\n\n\n\n<p>La cueva del extra\u00f1o, de Tony Jim\u00e9nez (<a href=\"http:\/\/cuevatonyjimenez.blogspot.com\/\">http:\/\/cuevatonyjimenez.blogspot.com\/<\/a>)<\/p>\n\n\n\n<p>La nave invisible, de varios autores (<a href=\"https:\/\/lanaveinvisible.com\/\">https:\/\/lanaveinvisible.com\/<\/a>)<\/p>\n\n\n\n<p>La tercera fundaci\u00f3n, de la Asociaci\u00f3n Los conseguidores (<a href=\"https:\/\/tercerafundacion.net\/\">https:\/\/tercerafundacion.net\/<\/a>)<\/p>\n\n\n\n<p><strong>Libro Infantil-Juvenil<\/strong><\/p>\n\n\n\n<p><strong><em>Cuenta nueve estrellas<\/em>,<\/strong> de Andrea Maceiras (editado por Anaya)<\/p>\n\n\n\n<p><em><strong>El abrazo de la sirena<\/strong><\/em>, de Ana Alcolea (editado por Anaya)<\/p>\n\n\n\n<p><em><strong>El secreto de Olga<\/strong><\/em>, de Patricia Garc\u00eda-Rojo (editado por Anaya)<\/p>\n\n\n\n<p><strong><em>Pr\u00e1cticas m\u00e1gicas<\/em>, <\/strong>de Nahikari Diosdado (editado por Cerbero)<\/p>\n\n\n\n<p><em><strong>Siete d\u00edas en un planeta desconocido<\/strong><\/em>, de Bruno Puelles (editado por Dilatando mentes)<\/p>\n\n\n\n<p>\u00a1Enhorabuena a los nominados!<\/p>\n","protected":false},"excerpt":{"rendered":"<p>Ya sabemos cu\u00e1les son los nominados a los premios Ignotus este a\u00f1o. Son los siguientes: Novela Asuntos de muertos, de Nieves Mories (editada por Cerbero) El arcano y el jilguero, de Ferran Varela (editada por El transbordador) Inm\u00f3viles: D\u00eda, de Juan Jos\u00e9 D\u00edaz T\u00e9llez (editada por el autor) Pakminy\u00f3, de Felicidad Mart\u00ednez (editada por Cerbero) &hellip; <\/p>\n<p class=\"link-more\"><a href=\"https:\/\/www.fantasticaficcion.com\/index.php\/nominados-a-los-premios-ignotus-2020\/\" class=\"more-link\">Continuar leyendo<span class=\"screen-reader-text\"> &#8220;Nominados a los premios Ignotus 2020&#8221;<\/span><\/a><\/p>\n","protected":false},"author":1,"featured_media":0,"comment_status":"open","ping_status":"open","sticky":false,"template":"","format":"standard","meta":{"jetpack_post_was_ever_published":false,"_jetpack_newsletter_access":"","_jetpack_dont_email_post_to_subs":false,"_jetpack_newsletter_tier_id":0,"_jetpack_memberships_contains_paywalled_content":false,"_jetpack_memberships_contains_paid_content":false,"footnotes":""},"categories":[10,5],"tags":[190,80,604],"class_list":["post-10937","post","type-post","status-publish","format-standard","hentry","category-ciencia-ficcion-2","category-fantasia","tag-noticias","tag-premios","tag-premios-ignotus"],"jetpack_featured_media_url":"","jetpack_shortlink":"https:\/\/wp.me\/p5fEpk-2Qp","jetpack_sharing_enabled":true,"_links":{"self":[{"href":"https:\/\/www.fantasticaficcion.com\/index.php\/wp-json\/wp\/v2\/posts\/10937","targetHints":{"allow":["GET"]}}],"collection":[{"href":"https:\/\/www.fantasticaficcion.com\/index.php\/wp-json\/wp\/v2\/posts"}],"about":[{"href":"https:\/\/www.fantasticaficcion.com\/index.php\/wp-json\/wp\/v2\/types\/post"}],"author":[{"embeddable":true,"href":"https:\/\/www.fantasticaficcion.com\/index.php\/wp-json\/wp\/v2\/users\/1"}],"replies":[{"embeddable":true,"href":"https:\/\/www.fantasticaficcion.com\/index.php\/wp-json\/wp\/v2\/comments?post=10937"}],"version-history":[{"count":1,"href":"https:\/\/www.fantasticaficcion.com\/index.php\/wp-json\/wp\/v2\/posts\/10937\/revisions"}],"predecessor-version":[{"id":10938,"href":"https:\/\/www.fantasticaficcion.com\/index.php\/wp-json\/wp\/v2\/posts\/10937\/revisions\/10938"}],"wp:attachment":[{"href":"https:\/\/www.fantasticaficcion.com\/index.php\/wp-json\/wp\/v2\/media?parent=10937"}],"wp:term":[{"taxonomy":"category","embeddable":true,"href":"https:\/\/www.fantasticaficcion.com\/index.php\/wp-json\/wp\/v2\/categories?post=10937"},{"taxonomy":"post_tag","embeddable":true,"href":"https:\/\/www.fantasticaficcion.com\/index.php\/wp-json\/wp\/v2\/tags?post=10937"}],"curies":[{"name":"wp","href":"https:\/\/api.w.org\/{rel}","templated":true}]}}