{"id":10859,"date":"2020-06-19T05:30:00","date_gmt":"2020-06-19T05:30:00","guid":{"rendered":"http:\/\/www.fantasticaficcion.com\/?p=10859"},"modified":"2020-05-27T07:13:55","modified_gmt":"2020-05-27T07:13:55","slug":"portada-de-the-house-of-styx","status":"publish","type":"post","link":"https:\/\/www.fantasticaficcion.com\/index.php\/portada-de-the-house-of-styx\/","title":{"rendered":"Portada de The House of Styx"},"content":{"rendered":"\n<p>Ya sabemos <a href=\"https:\/\/books2read.com\/b\/TheHouseofStyx\">cu\u00e1l ser\u00e1 la portada<\/a> de <strong><em><a href=\"https:\/\/www.fantasticaficcion.com\/index.php\/anunciada-the-house-of-styx-la-nueva-novela-de-derek-kunsken\/\">The House of Styx<\/a>,<\/em><\/strong> la precuela de la exitosa saga The Quantum Evolution de Derek Kunsken. El libro saldr\u00e1 a la venta en formato electr\u00f3nico en agosto y en tapa dura en abril de 2021.<\/p>\n\n\n\n<p>Esta es la portada:<\/p>\n\n\n\n<div class=\"wp-block-image\"><figure class=\"aligncenter size-large is-resized\"><img loading=\"lazy\" decoding=\"async\" src=\"https:\/\/www.fantasticaficcion.com\/wp-content\/uploads\/2020\/05\/houseofstyx.jpg\" alt=\"\" class=\"wp-image-10861\" width=\"356\" height=\"545\" srcset=\"https:\/\/www.fantasticaficcion.com\/wp-content\/uploads\/2020\/05\/houseofstyx.jpg 261w, https:\/\/www.fantasticaficcion.com\/wp-content\/uploads\/2020\/05\/houseofstyx-196x300.jpg 196w\" sizes=\"auto, (max-width: 356px) 100vw, 356px\" \/><\/figure><\/div>\n\n\n\n<p><\/p>\n","protected":false},"excerpt":{"rendered":"<p>Ya sabemos cu\u00e1l ser\u00e1 la portada de The House of Styx, la precuela de la exitosa saga The Quantum Evolution de Derek Kunsken. El libro saldr\u00e1 a la venta en formato electr\u00f3nico en agosto y en tapa dura en abril de 2021. Esta es la portada:<\/p>\n","protected":false},"author":1,"featured_media":10861,"comment_status":"open","ping_status":"open","sticky":false,"template":"","format":"standard","meta":{"jetpack_post_was_ever_published":false,"_jetpack_newsletter_access":"","_jetpack_dont_email_post_to_subs":false,"_jetpack_newsletter_tier_id":0,"_jetpack_memberships_contains_paywalled_content":false,"_jetpack_memberships_contains_paid_content":false,"footnotes":""},"categories":[10],"tags":[1085,190,96],"class_list":["post-10859","post","type-post","status-publish","format-standard","has-post-thumbnail","hentry","category-ciencia-ficcion-2","tag-derek-kunsken","tag-noticias","tag-portadas"],"jetpack_featured_media_url":"https:\/\/www.fantasticaficcion.com\/wp-content\/uploads\/2020\/05\/houseofstyx.jpg","jetpack_shortlink":"https:\/\/wp.me\/p5fEpk-2P9","jetpack_sharing_enabled":true,"_links":{"self":[{"href":"https:\/\/www.fantasticaficcion.com\/index.php\/wp-json\/wp\/v2\/posts\/10859","targetHints":{"allow":["GET"]}}],"collection":[{"href":"https:\/\/www.fantasticaficcion.com\/index.php\/wp-json\/wp\/v2\/posts"}],"about":[{"href":"https:\/\/www.fantasticaficcion.com\/index.php\/wp-json\/wp\/v2\/types\/post"}],"author":[{"embeddable":true,"href":"https:\/\/www.fantasticaficcion.com\/index.php\/wp-json\/wp\/v2\/users\/1"}],"replies":[{"embeddable":true,"href":"https:\/\/www.fantasticaficcion.com\/index.php\/wp-json\/wp\/v2\/comments?post=10859"}],"version-history":[{"count":2,"href":"https:\/\/www.fantasticaficcion.com\/index.php\/wp-json\/wp\/v2\/posts\/10859\/revisions"}],"predecessor-version":[{"id":10862,"href":"https:\/\/www.fantasticaficcion.com\/index.php\/wp-json\/wp\/v2\/posts\/10859\/revisions\/10862"}],"wp:featuredmedia":[{"embeddable":true,"href":"https:\/\/www.fantasticaficcion.com\/index.php\/wp-json\/wp\/v2\/media\/10861"}],"wp:attachment":[{"href":"https:\/\/www.fantasticaficcion.com\/index.php\/wp-json\/wp\/v2\/media?parent=10859"}],"wp:term":[{"taxonomy":"category","embeddable":true,"href":"https:\/\/www.fantasticaficcion.com\/index.php\/wp-json\/wp\/v2\/categories?post=10859"},{"taxonomy":"post_tag","embeddable":true,"href":"https:\/\/www.fantasticaficcion.com\/index.php\/wp-json\/wp\/v2\/tags?post=10859"}],"curies":[{"name":"wp","href":"https:\/\/api.w.org\/{rel}","templated":true}]}}