{"id":10793,"date":"2020-05-29T05:30:00","date_gmt":"2020-05-29T05:30:00","guid":{"rendered":"http:\/\/www.fantasticaficcion.com\/?p=10793"},"modified":"2020-05-05T08:04:20","modified_gmt":"2020-05-05T08:04:20","slug":"portada-de-la-nueva-edicion-de-the-hod-king","status":"publish","type":"post","link":"https:\/\/www.fantasticaficcion.com\/index.php\/portada-de-la-nueva-edicion-de-the-hod-king\/","title":{"rendered":"Portada de la nueva edici\u00f3n de The Hod King"},"content":{"rendered":"\n<p>Mientras seguimos esperando a la \u00faltima entrega de la saga de Babel de Josiah Bancroft, que ya sabemos que se titular\u00e1 <strong><em>The Fall of Babel<\/em><\/strong>, aqu\u00ed os traigo la maravillosa ilustraci\u00f3n que servir\u00e1 como portada para la edici\u00f3n de Subterranean Press del tercer t\u00edtulo de la saga, <a href=\"https:\/\/www.fantasticaficcion.com\/index.php\/the-hod-king\/\"><b><i>The Hod King<\/i><\/b><\/a>, obra de Tom Kidd.<\/p>\n\n\n\n<figure class=\"wp-block-image size-large\"><img loading=\"lazy\" decoding=\"async\" width=\"693\" height=\"1024\" src=\"https:\/\/www.fantasticaficcion.com\/wp-content\/uploads\/2020\/05\/thehodkingsp-693x1024.jpg\" alt=\"\" class=\"wp-image-10795\" srcset=\"https:\/\/www.fantasticaficcion.com\/wp-content\/uploads\/2020\/05\/thehodkingsp-693x1024.jpg 693w, https:\/\/www.fantasticaficcion.com\/wp-content\/uploads\/2020\/05\/thehodkingsp-203x300.jpg 203w, https:\/\/www.fantasticaficcion.com\/wp-content\/uploads\/2020\/05\/thehodkingsp-768x1135.jpg 768w, https:\/\/www.fantasticaficcion.com\/wp-content\/uploads\/2020\/05\/thehodkingsp.jpg 866w\" sizes=\"auto, (max-width: 693px) 100vw, 693px\" \/><\/figure>\n\n\n\n<p>No me canso de recrear la vista en esta maravilla.<\/p>\n","protected":false},"excerpt":{"rendered":"<p>Mientras seguimos esperando a la \u00faltima entrega de la saga de Babel de Josiah Bancroft, que ya sabemos que se titular\u00e1 The Fall of Babel, aqu\u00ed os traigo la maravillosa ilustraci\u00f3n que servir\u00e1 como portada para la edici\u00f3n de Subterranean Press del tercer t\u00edtulo de la saga, The Hod King, obra de Tom Kidd. No &hellip; <\/p>\n<p class=\"link-more\"><a href=\"https:\/\/www.fantasticaficcion.com\/index.php\/portada-de-la-nueva-edicion-de-the-hod-king\/\" class=\"more-link\">Continuar leyendo<span class=\"screen-reader-text\"> &#8220;Portada de la nueva edici\u00f3n de The Hod King&#8221;<\/span><\/a><\/p>\n","protected":false},"author":1,"featured_media":10795,"comment_status":"open","ping_status":"open","sticky":false,"template":"","format":"standard","meta":{"jetpack_post_was_ever_published":false,"_jetpack_newsletter_access":"","_jetpack_dont_email_post_to_subs":false,"_jetpack_newsletter_tier_id":0,"_jetpack_memberships_contains_paywalled_content":false,"_jetpack_memberships_contains_paid_content":false,"footnotes":""},"categories":[830,5],"tags":[1155,190,96],"class_list":["post-10793","post","type-post","status-publish","format-standard","has-post-thumbnail","hentry","category-artistas","category-fantasia","tag-josiah-bancroft","tag-noticias","tag-portadas"],"jetpack_featured_media_url":"https:\/\/www.fantasticaficcion.com\/wp-content\/uploads\/2020\/05\/thehodkingsp.jpg","jetpack_shortlink":"https:\/\/wp.me\/p5fEpk-2O5","jetpack_sharing_enabled":true,"_links":{"self":[{"href":"https:\/\/www.fantasticaficcion.com\/index.php\/wp-json\/wp\/v2\/posts\/10793","targetHints":{"allow":["GET"]}}],"collection":[{"href":"https:\/\/www.fantasticaficcion.com\/index.php\/wp-json\/wp\/v2\/posts"}],"about":[{"href":"https:\/\/www.fantasticaficcion.com\/index.php\/wp-json\/wp\/v2\/types\/post"}],"author":[{"embeddable":true,"href":"https:\/\/www.fantasticaficcion.com\/index.php\/wp-json\/wp\/v2\/users\/1"}],"replies":[{"embeddable":true,"href":"https:\/\/www.fantasticaficcion.com\/index.php\/wp-json\/wp\/v2\/comments?post=10793"}],"version-history":[{"count":2,"href":"https:\/\/www.fantasticaficcion.com\/index.php\/wp-json\/wp\/v2\/posts\/10793\/revisions"}],"predecessor-version":[{"id":10796,"href":"https:\/\/www.fantasticaficcion.com\/index.php\/wp-json\/wp\/v2\/posts\/10793\/revisions\/10796"}],"wp:featuredmedia":[{"embeddable":true,"href":"https:\/\/www.fantasticaficcion.com\/index.php\/wp-json\/wp\/v2\/media\/10795"}],"wp:attachment":[{"href":"https:\/\/www.fantasticaficcion.com\/index.php\/wp-json\/wp\/v2\/media?parent=10793"}],"wp:term":[{"taxonomy":"category","embeddable":true,"href":"https:\/\/www.fantasticaficcion.com\/index.php\/wp-json\/wp\/v2\/categories?post=10793"},{"taxonomy":"post_tag","embeddable":true,"href":"https:\/\/www.fantasticaficcion.com\/index.php\/wp-json\/wp\/v2\/tags?post=10793"}],"curies":[{"name":"wp","href":"https:\/\/api.w.org\/{rel}","templated":true}]}}