{"id":10730,"date":"2020-05-07T05:30:00","date_gmt":"2020-05-07T05:30:00","guid":{"rendered":"http:\/\/www.fantasticaficcion.com\/?p=10730"},"modified":"2020-04-14T09:28:14","modified_gmt":"2020-04-14T09:28:14","slug":"el-laberinto-invisible","status":"publish","type":"post","link":"https:\/\/www.fantasticaficcion.com\/index.php\/el-laberinto-invisible\/","title":{"rendered":"El Laberinto Invisible"},"content":{"rendered":"\n<p>Leer la obra de V\u00edctor Guisado no me ha resultado f\u00e1cil. La he le\u00eddo al principio del confinamiento y eso ha pesado gravemente en mi capacidad de concentraci\u00f3n. A pesar de esta dificultad, he disfrutado enormemente con la bell\u00edsima prosa a la que nos tiene acostumbrados el autor. Mirad la primera frase del libro, para que sirva como ejemplo:<\/p>\n\n\n\n<div class=\"wp-block-image\"><figure class=\"alignright size-large\"><img loading=\"lazy\" decoding=\"async\" width=\"297\" height=\"475\" src=\"https:\/\/www.fantasticaficcion.com\/wp-content\/uploads\/2020\/04\/laberintoinvisible.jpg\" alt=\"\" class=\"wp-image-10731\" srcset=\"https:\/\/www.fantasticaficcion.com\/wp-content\/uploads\/2020\/04\/laberintoinvisible.jpg 297w, https:\/\/www.fantasticaficcion.com\/wp-content\/uploads\/2020\/04\/laberintoinvisible-188x300.jpg 188w\" sizes=\"auto, (max-width: 297px) 100vw, 297px\" \/><\/figure><\/div>\n\n\n\n<blockquote class=\"wp-block-quote is-layout-flow wp-block-quote-is-layout-flow\"><p>Mi hermano lleva enredados en su cabello cinco asteroides silenciosos, varias luci\u00e9rnagas capit\u00e1n y qui\u00e9n sabe cu\u00e1ntas met\u00e1foras de eco nulo.<\/p><\/blockquote>\n\n\n\n<p>No es f\u00e1cil describir <strong><em>El Laberinto Invisible<\/em><\/strong>, ya que la originalidad de la propia obra impide clasificarla. Se puede decir que si te gust\u00f3 <strong><em><a href=\"https:\/\/www.fantasticaficcion.com\/index.php\/me-trago-el-igualma\/\">Me trag\u00f3 el igualma<\/a><\/em><\/strong> de seguro te encantar\u00e1 esta nueva novela, pero eso ser\u00eda injusto para un lector que todav\u00eda no haya podido acercarse a su obra.<\/p>\n\n\n\n<p>La historia que nos narra V\u00edctor es la historia de dos hermanos mellizos, indisolublemente unidos por las circunstancias de su nacimiento pero tambi\u00e9n por las de su crianza, en un mundo aparentemente abandonado pero plagado de peligros y maravillas. La imaginaci\u00f3n que desborda en cada p\u00e1gina es trepidante y el lenguaje que utiliza para expresar sus ideas es a\u00fan m\u00e1s incre\u00edble. <\/p>\n\n\n\n<p>El universo en el que se desarrolla esta huida hacia delante que tanto nos asombra est\u00e1 unido con los otros relatos del mismo autor, en un cosmos sorprendente que no deja de ampliarse ante nuestros ojos. Ver el mundo a trav\u00e9s de los ojos de una ni\u00f1a nos permite asombrarnos con nuevos descubrimientos que quiz\u00e1 para otros fueran sucecos comunes, pero que se despliegan ante nosotros con apasionante detalle.<\/p>\n\n\n\n<p>Se trata de un libro para leer de forma pausada e ir degust\u00e1ndola poco a poco, porque tambi\u00e9n es cierto que en ocasiones la prosa puede llegar a resultar agobiante, dependiendo del gusto de cada uno. Es una novela epis\u00f3dica, as\u00ed que es recomendable espaciar cada cap\u00edtulo para poder seguir disfrutando de la obra del autor extreme\u00f1o.<\/p>\n","protected":false},"excerpt":{"rendered":"<p>Leer la obra de V\u00edctor Guisado no me ha resultado f\u00e1cil. La he le\u00eddo al principio del confinamiento y eso ha pesado gravemente en mi capacidad de concentraci\u00f3n. A pesar de esta dificultad, he disfrutado enormemente con la bell\u00edsima prosa a la que nos tiene acostumbrados el autor. Mirad la primera frase del libro, para &hellip; <\/p>\n<p class=\"link-more\"><a href=\"https:\/\/www.fantasticaficcion.com\/index.php\/el-laberinto-invisible\/\" class=\"more-link\">Continuar leyendo<span class=\"screen-reader-text\"> &#8220;El Laberinto Invisible&#8221;<\/span><\/a><\/p>\n","protected":false},"author":1,"featured_media":10731,"comment_status":"open","ping_status":"open","sticky":false,"template":"","format":"standard","meta":{"jetpack_post_was_ever_published":false,"_jetpack_newsletter_access":"","_jetpack_dont_email_post_to_subs":false,"_jetpack_newsletter_tier_id":0,"_jetpack_memberships_contains_paywalled_content":false,"_jetpack_memberships_contains_paid_content":false,"footnotes":""},"categories":[10],"tags":[4,14,8,737],"class_list":["post-10730","post","type-post","status-publish","format-standard","has-post-thumbnail","hentry","category-ciencia-ficcion-2","tag-ciencia-ficcion","tag-libros-en-espanol","tag-resenas","tag-victor-guisado-munoz"],"jetpack_featured_media_url":"https:\/\/www.fantasticaficcion.com\/wp-content\/uploads\/2020\/04\/laberintoinvisible.jpg","jetpack_shortlink":"https:\/\/wp.me\/p5fEpk-2N4","jetpack_sharing_enabled":true,"_links":{"self":[{"href":"https:\/\/www.fantasticaficcion.com\/index.php\/wp-json\/wp\/v2\/posts\/10730","targetHints":{"allow":["GET"]}}],"collection":[{"href":"https:\/\/www.fantasticaficcion.com\/index.php\/wp-json\/wp\/v2\/posts"}],"about":[{"href":"https:\/\/www.fantasticaficcion.com\/index.php\/wp-json\/wp\/v2\/types\/post"}],"author":[{"embeddable":true,"href":"https:\/\/www.fantasticaficcion.com\/index.php\/wp-json\/wp\/v2\/users\/1"}],"replies":[{"embeddable":true,"href":"https:\/\/www.fantasticaficcion.com\/index.php\/wp-json\/wp\/v2\/comments?post=10730"}],"version-history":[{"count":1,"href":"https:\/\/www.fantasticaficcion.com\/index.php\/wp-json\/wp\/v2\/posts\/10730\/revisions"}],"predecessor-version":[{"id":10732,"href":"https:\/\/www.fantasticaficcion.com\/index.php\/wp-json\/wp\/v2\/posts\/10730\/revisions\/10732"}],"wp:featuredmedia":[{"embeddable":true,"href":"https:\/\/www.fantasticaficcion.com\/index.php\/wp-json\/wp\/v2\/media\/10731"}],"wp:attachment":[{"href":"https:\/\/www.fantasticaficcion.com\/index.php\/wp-json\/wp\/v2\/media?parent=10730"}],"wp:term":[{"taxonomy":"category","embeddable":true,"href":"https:\/\/www.fantasticaficcion.com\/index.php\/wp-json\/wp\/v2\/categories?post=10730"},{"taxonomy":"post_tag","embeddable":true,"href":"https:\/\/www.fantasticaficcion.com\/index.php\/wp-json\/wp\/v2\/tags?post=10730"}],"curies":[{"name":"wp","href":"https:\/\/api.w.org\/{rel}","templated":true}]}}